{"id":693,"date":"2014-08-01T10:03:35","date_gmt":"2014-08-01T10:03:35","guid":{"rendered":"http:\/\/podkarpacka.iarp.pl\/?p=693"},"modified":"2015-02-23T02:09:57","modified_gmt":"2015-02-23T02:09:57","slug":"terminy-egzaminow-na-uprawnienia-w-2014-roku","status":"publish","type":"post","link":"https:\/\/podkarpacka.iarp.pl\/?p=693","title":{"rendered":"TERMINY EGZAMIN\u00d3W NA UPRAWNIENIA W 2014 ROKU"},"content":{"rendered":"<p><a href=\"https:\/\/podkarpacka.iarp.pl\/wp-content\/uploads\/2015\/02\/logo-izba-male.png\"><img loading=\"lazy\" decoding=\"async\" class=\"alignleft size-full wp-image-470\" style=\"margin: 20px 20px 0px; text-align: left;\" src=\"https:\/\/podkarpacka.iarp.pl\/wp-content\/uploads\/2015\/02\/logo-izba-male.png\" alt=\"logo izba male\" width=\"140\" height=\"80\" \/><\/a><\/p>\n<h2 style=\"margin: 0px 10px 0px; text-align: left;\">EGZAMIN NA UPRAWNIENIA BUDOWLANE W PODKARPACKIEJ OKR\u0118GOWEJ IZBIE ARCHITEKT\u00d3W<\/h2>\n<hr style=\"margin: 10px 0px 25px;\" \/>\n<p>&nbsp;<\/p>\n<p class=\"p1\" style=\"text-align: justify;\"><span class=\"s1\"><strong>Uprzejmi\u0119 informujemy, \u017ce w sesji jesienno-zimowej egzamin na uprawnienia budowlane w specjalno\u015bci architektonicznej bez ogranicze\u0144 odb\u0119dzie si\u0119 28 listopada 2014r.<\/strong><\/span><\/p>\n<p class=\"p1\" style=\"text-align: justify;\"><span class=\"s1\"><strong>Jednocze\u015bnie przypominamy o sk\u0142adaniu dokument\u00f3w o przeprowadzenie post\u0119powania kwalifikacyjnego do niniejszego egzaminu w nieprzekraczalnym terminie do dnia 31 sierpnia 2014r.<\/strong><\/span><\/p>\n<p class=\"p1\" style=\"text-align: justify;\"><span class=\"s1\"><span class=\"s1\"><strong>Terminy egzamin\u00f3w<\/strong><\/span> na uprawnienia budowlane w specjalno\u015bci architektonicznej w 2014:<strong><br \/>\n<\/strong><\/span><\/p>\n<table style=\"height: 156px;\" width=\"607\">\n<tbody>\n<tr>\n<td width=\"170\">\n<h1 style=\"margin: -10px 0px; text-align: left;\"><span style=\"color: #808080;\"><strong>2014 ROK<\/strong><\/span><\/h1>\n<\/td>\n<td style=\"text-align: center;\" width=\"220\">\n<h5 style=\"margin: -10px 0px;\">TERMIN EGZAMINU<\/h5>\n<\/td>\n<td width=\"220\">\n<h5 style=\"margin: -10px 0px; text-align: center;\">OSTATECZNY TERMIN SK\u0141ADANIA WNIOSK\u00d3W<\/h5>\n<\/td>\n<\/tr>\n<tr>\n<td>\n<h4 style=\"margin: -10px 0px; text-align: left;\">LETNIA SESJA EGZAMINACYJNA<\/h4>\n<\/td>\n<td>\n<h3 style=\"margin: -10px 0px; text-align: center;\">12 czerwca 2014<\/h3>\n<\/td>\n<td>\n<h3 style=\"margin: -10px 0px; text-align: center;\">12 marca 2014<\/h3>\n<\/td>\n<\/tr>\n<tr>\n<td>\n<h4 style=\"margin: -10px 0px; text-align: left;\">ZIMOWA SESJA EGZAMINACYJNA<\/h4>\n<\/td>\n<td style=\"text-align: center;\">\n<h3 style=\"margin: -10px 0px;\">28\u00a0listopada\u00a02014<\/h3>\n<\/td>\n<td>\n<h3 style=\"margin: -10px 0px; text-align: center;\">31 sierpnia 2014<\/h3>\n<\/td>\n<\/tr>\n<\/tbody>\n<\/table>\n<p style=\"text-align: justify;\">Przypominamy o corocznych zmianach termin\u00f3w egzamin\u00f3w i sprawdzaniu aktualnych termin\u00f3w w zak\u0142adce:<strong> <a href=\"\/?page_id=433\">EGZMIN NA UPRAWNIENIA<\/a><\/strong><\/p>\n<p style=\"text-align: justify;\">\n","protected":false},"excerpt":{"rendered":"<p>EGZAMIN NA UPRAWNIENIA BUDOWLANE W PODKARPACKIEJ OKR\u0118GOWEJ IZBIE ARCHITEKT\u00d3W &nbsp; Uprzejmi\u0119 informujemy, \u017ce w sesji jesienno-zimowej egzamin na uprawnienia budowlane w specjalno\u015bci architektonicznej bez ogranicze\u0144 odb\u0119dzie si\u0119 28 listopada 2014r. Jednocze\u015bnie przypominamy o sk\u0142adaniu dokument\u00f3w o przeprowadzenie post\u0119powania kwalifikacyjnego do niniejszego egzaminu w nieprzekraczalnym terminie do dnia 31 sierpnia 2014r. Terminy egzamin\u00f3w na uprawnienia budowlane [&hellip;]<\/p>\n","protected":false},"author":7,"featured_media":856,"comment_status":"closed","ping_status":"open","sticky":false,"template":"","format":"quote","meta":{"footnotes":""},"categories":[56],"tags":[],"class_list":["post-693","post","type-post","status-publish","format-quote","has-post-thumbnail","hentry","category-informacje-rady","post_format-post-format-quote"],"publishpress_future_action":{"enabled":false,"date":"2026-05-05 00:39:06","action":"change-status","newStatus":"draft","terms":[],"taxonomy":"category","extraData":[]},"publishpress_future_workflow_manual_trigger":{"enabledWorkflows":[]},"_links":{"self":[{"href":"https:\/\/podkarpacka.iarp.pl\/index.php?rest_route=\/wp\/v2\/posts\/693","targetHints":{"allow":["GET"]}}],"collection":[{"href":"https:\/\/podkarpacka.iarp.pl\/index.php?rest_route=\/wp\/v2\/posts"}],"about":[{"href":"https:\/\/podkarpacka.iarp.pl\/index.php?rest_route=\/wp\/v2\/types\/post"}],"author":[{"embeddable":true,"href":"https:\/\/podkarpacka.iarp.pl\/index.php?rest_route=\/wp\/v2\/users\/7"}],"replies":[{"embeddable":true,"href":"https:\/\/podkarpacka.iarp.pl\/index.php?rest_route=%2Fwp%2Fv2%2Fcomments&post=693"}],"version-history":[{"count":23,"href":"https:\/\/podkarpacka.iarp.pl\/index.php?rest_route=\/wp\/v2\/posts\/693\/revisions"}],"predecessor-version":[{"id":857,"href":"https:\/\/podkarpacka.iarp.pl\/index.php?rest_route=\/wp\/v2\/posts\/693\/revisions\/857"}],"wp:featuredmedia":[{"embeddable":true,"href":"https:\/\/podkarpacka.iarp.pl\/index.php?rest_route=\/wp\/v2\/media\/856"}],"wp:attachment":[{"href":"https:\/\/podkarpacka.iarp.pl\/index.php?rest_route=%2Fwp%2Fv2%2Fmedia&parent=693"}],"wp:term":[{"taxonomy":"category","embeddable":true,"href":"https:\/\/podkarpacka.iarp.pl\/index.php?rest_route=%2Fwp%2Fv2%2Fcategories&post=693"},{"taxonomy":"post_tag","embeddable":true,"href":"https:\/\/podkarpacka.iarp.pl\/index.php?rest_route=%2Fwp%2Fv2%2Ftags&post=693"}],"curies":[{"name":"wp","href":"https:\/\/api.w.org\/{rel}","templated":true}]}}