{"id":7128,"date":"2025-02-19T17:03:08","date_gmt":"2025-02-19T15:03:08","guid":{"rendered":"https:\/\/podkarpacka.iarp.pl\/?p=7128"},"modified":"2025-02-19T17:03:08","modified_gmt":"2025-02-19T15:03:08","slug":"szkolenie-analiza-ciszy","status":"publish","type":"post","link":"https:\/\/podkarpacka.iarp.pl\/?p=7128","title":{"rendered":"SZKOLENIE &#8220;ANALIZA CISZY&#8221;"},"content":{"rendered":"<div>\n<div dir=\"auto\">Kole\u017canki i Koledzy,<\/div>\n<\/div>\n<div>\n<div dir=\"auto\">ze wzgl\u0119du na du\u017ce zainteresowanie szkoleniem dotycz\u0105cym zagadnienia akustyki w budownictwie, kt\u00f3re odby\u0142o si\u0119 w listopadzie 2024 roku, wychodzimy naprzeciw potrzebom i zapraszamy na dodatkow\u0105 edycj\u0119 szkolenia, kt\u00f3ra odb\u0119dzie si\u0119:<\/div>\n<\/div>\n<div>\n<div dir=\"auto\"><img loading=\"lazy\" decoding=\"async\" class=\"CToWUd\" src=\"https:\/\/ci3.googleusercontent.com\/meips\/ADKq_NYIV4bJ5sBQRLnZT7IkNugZqKLelIMLbGEJDKVC1wjpJJxd14XCUOHUfVaQVj5C4WRvlZ1uJQ0NsR67wSbHp0D-eUmoXuh_I06hUBfBEDW3ae7cOAwU-RY=s0-d-e1-ft#https:\/\/static.xx.fbcdn.net\/images\/emoji.php\/v9\/t6e\/1\/16\/1f534.png\" alt=\"\ud83d\udd34\" width=\"16\" height=\"16\" data-bit=\"iit\" \/>27.02.2025 o godz. 15:45 w siedzibie PKOIA w Rzeszowie<\/div>\n<div dir=\"auto\"><img loading=\"lazy\" decoding=\"async\" class=\"CToWUd\" src=\"https:\/\/ci3.googleusercontent.com\/meips\/ADKq_NYIV4bJ5sBQRLnZT7IkNugZqKLelIMLbGEJDKVC1wjpJJxd14XCUOHUfVaQVj5C4WRvlZ1uJQ0NsR67wSbHp0D-eUmoXuh_I06hUBfBEDW3ae7cOAwU-RY=s0-d-e1-ft#https:\/\/static.xx.fbcdn.net\/images\/emoji.php\/v9\/t6e\/1\/16\/1f534.png\" alt=\"\ud83d\udd34\" width=\"16\" height=\"16\" data-bit=\"iit\" \/>link do rejestracji na szkolenie zostanie rozes\u0142any wkr\u00f3tce, mailowo<\/div>\n<\/div>\n<div dir=\"auto\"><\/div>\n<div dir=\"auto\"><a href=\"https:\/\/podkarpacka.iarp.pl\/wp-content\/uploads\/2025\/02\/unnamed-scaled.jpg\"><img loading=\"lazy\" decoding=\"async\" class=\"aligncenter size-large wp-image-7129\" src=\"https:\/\/podkarpacka.iarp.pl\/wp-content\/uploads\/2025\/02\/unnamed-scaled-896x1024.jpg\" alt=\"\" width=\"770\" height=\"880\" srcset=\"https:\/\/podkarpacka.iarp.pl\/wp-content\/uploads\/2025\/02\/unnamed-scaled-896x1024.jpg 896w, https:\/\/podkarpacka.iarp.pl\/wp-content\/uploads\/2025\/02\/unnamed-scaled-262x300.jpg 262w, https:\/\/podkarpacka.iarp.pl\/wp-content\/uploads\/2025\/02\/unnamed-768x878.jpg 768w, https:\/\/podkarpacka.iarp.pl\/wp-content\/uploads\/2025\/02\/unnamed-1344x1536.jpg 1344w, https:\/\/podkarpacka.iarp.pl\/wp-content\/uploads\/2025\/02\/unnamed-1792x2048.jpg 1792w\" sizes=\"auto, (max-width: 770px) 100vw, 770px\" \/><\/a><\/div>\n","protected":false},"excerpt":{"rendered":"<p>Kole\u017canki i Koledzy, ze wzgl\u0119du na du\u017ce zainteresowanie szkoleniem dotycz\u0105cym zagadnienia akustyki w budownictwie, kt\u00f3re odby\u0142o si\u0119 w listopadzie 2024 roku, wychodzimy naprzeciw potrzebom i zapraszamy na dodatkow\u0105 edycj\u0119 szkolenia, kt\u00f3ra odb\u0119dzie si\u0119: 27.02.2025 o godz. 15:45 w siedzibie PKOIA w Rzeszowie link do rejestracji na szkolenie zostanie rozes\u0142any wkr\u00f3tce, mailowo<\/p>\n","protected":false},"author":6,"featured_media":4551,"comment_status":"closed","ping_status":"open","sticky":false,"template":"","format":"standard","meta":{"footnotes":""},"categories":[57],"tags":[],"class_list":["post-7128","post","type-post","status-publish","format-standard","has-post-thumbnail","hentry","category-szkolenia"],"publishpress_future_action":{"enabled":false,"date":"2026-05-04 22:47:20","action":"change-status","newStatus":"draft","terms":[],"taxonomy":"category","extraData":[]},"publishpress_future_workflow_manual_trigger":{"enabledWorkflows":[]},"_links":{"self":[{"href":"https:\/\/podkarpacka.iarp.pl\/index.php?rest_route=\/wp\/v2\/posts\/7128","targetHints":{"allow":["GET"]}}],"collection":[{"href":"https:\/\/podkarpacka.iarp.pl\/index.php?rest_route=\/wp\/v2\/posts"}],"about":[{"href":"https:\/\/podkarpacka.iarp.pl\/index.php?rest_route=\/wp\/v2\/types\/post"}],"author":[{"embeddable":true,"href":"https:\/\/podkarpacka.iarp.pl\/index.php?rest_route=\/wp\/v2\/users\/6"}],"replies":[{"embeddable":true,"href":"https:\/\/podkarpacka.iarp.pl\/index.php?rest_route=%2Fwp%2Fv2%2Fcomments&post=7128"}],"version-history":[{"count":1,"href":"https:\/\/podkarpacka.iarp.pl\/index.php?rest_route=\/wp\/v2\/posts\/7128\/revisions"}],"predecessor-version":[{"id":7130,"href":"https:\/\/podkarpacka.iarp.pl\/index.php?rest_route=\/wp\/v2\/posts\/7128\/revisions\/7130"}],"wp:featuredmedia":[{"embeddable":true,"href":"https:\/\/podkarpacka.iarp.pl\/index.php?rest_route=\/wp\/v2\/media\/4551"}],"wp:attachment":[{"href":"https:\/\/podkarpacka.iarp.pl\/index.php?rest_route=%2Fwp%2Fv2%2Fmedia&parent=7128"}],"wp:term":[{"taxonomy":"category","embeddable":true,"href":"https:\/\/podkarpacka.iarp.pl\/index.php?rest_route=%2Fwp%2Fv2%2Fcategories&post=7128"},{"taxonomy":"post_tag","embeddable":true,"href":"https:\/\/podkarpacka.iarp.pl\/index.php?rest_route=%2Fwp%2Fv2%2Ftags&post=7128"}],"curies":[{"name":"wp","href":"https:\/\/api.w.org\/{rel}","templated":true}]}}