{"id":7131,"date":"2025-02-19T17:08:59","date_gmt":"2025-02-19T15:08:59","guid":{"rendered":"https:\/\/podkarpacka.iarp.pl\/?p=7131"},"modified":"2025-02-19T17:08:59","modified_gmt":"2025-02-19T15:08:59","slug":"xii-edycja-konkursu-ksztaltowanie-przestrzeni","status":"publish","type":"post","link":"https:\/\/podkarpacka.iarp.pl\/?p=7131","title":{"rendered":"XII edycja konkursu Kszta\u0142towanie Przestrzeni"},"content":{"rendered":"<p>Szanowne Kole\u017canki i Koledzy<\/p>\n<p>&nbsp;<\/p>\n<p>Mi\u0142o mi poinformowa\u0107, \u017ce zosta\u0142a og\u0142oszona kolejna, XII ju\u017c edycja konkursu Kszta\u0142towanie Przestrzeni.<\/p>\n<p>W tym roku tematem konkursu jest &#8220;aktywAKCJA przestrzeni&#8221;.<\/p>\n<p>&nbsp;<\/p>\n<p>Czas mknie, \u015bwiat p\u0119dzi, rzeczywisto\u015b\u0107 zmienia si\u0119 w szalonym tempie, a nasz tryb \u017cycia jest coraz bardziej siedz\u0105cy. Zapominamy, \u017ce ruch wp\u0142ywa korzystnie na nasze samopoczucie, form\u0119, zdrowie, sprawno\u015b\u0107, a tak\u017ce redukuje stres, daje rado\u015b\u0107 i energi\u0119 do dzia\u0142ania. Potrzebujemy aktywno\u015bci nie tylko fizycznej, ale te\u017c dzia\u0142a\u0144 pobudzaj\u0105cych fantazj\u0119, tw\u00f3rcze my\u015blenie, kreatywno\u015b\u0107, emocje i zmys\u0142y.<\/p>\n<p>&nbsp;<\/p>\n<p>W tym roku praca konkursowa ma sk\u0142ada\u0107 si\u0119 z dw\u00f3ch cz\u0119\u015bci: filmiku o d\u0142ugo\u015bci do 2 minut i planszy, kt\u00f3ra musi zosta\u0107 przes\u0142ana w formie elektronicznej, ale jej poszczeg\u00f3lne elementy mog\u0105 by\u0107 wykonane w dowolnej technice. Na stronie konkursowej:\u00a0<u><a href=\"http:\/\/www.xn--ksztatowanieprzestrzeni-g2d.pl\/\" data-saferedirecturl=\"https:\/\/www.google.com\/url?q=http:\/\/www.xn--ksztatowanieprzestrzeni-g2d.pl\/&amp;source=gmail&amp;ust=1740054955051000&amp;usg=AOvVaw1yEdLfxwCOacAytsAVCiH3\">www.kszta\u0142towanieprzestrzeni.pl<\/a>\/konkurs2025<\/u>\u00a0znajduje si\u0119 regulamin, szczeg\u00f3\u0142owy opis zadania, schemat planszy oraz formularz umo\u017cliwiaj\u0105cy przes\u0142anie pracy wraz z niezb\u0119dnymi za\u0142\u0105cznikami.<\/p>\n<p>&nbsp;<\/p>\n<p><a href=\"https:\/\/podkarpacka.iarp.pl\/wp-content\/uploads\/2025\/02\/Aktywacja-plakat-A4.jpg\"><img loading=\"lazy\" decoding=\"async\" class=\"aligncenter size-large wp-image-7132\" src=\"https:\/\/podkarpacka.iarp.pl\/wp-content\/uploads\/2025\/02\/Aktywacja-plakat-A4-728x1024.jpg\" alt=\"\" width=\"728\" height=\"1024\" srcset=\"https:\/\/podkarpacka.iarp.pl\/wp-content\/uploads\/2025\/02\/Aktywacja-plakat-A4-728x1024.jpg 728w, https:\/\/podkarpacka.iarp.pl\/wp-content\/uploads\/2025\/02\/Aktywacja-plakat-A4-213x300.jpg 213w, https:\/\/podkarpacka.iarp.pl\/wp-content\/uploads\/2025\/02\/Aktywacja-plakat-A4-768x1080.jpg 768w, https:\/\/podkarpacka.iarp.pl\/wp-content\/uploads\/2025\/02\/Aktywacja-plakat-A4-1092x1536.jpg 1092w, https:\/\/podkarpacka.iarp.pl\/wp-content\/uploads\/2025\/02\/Aktywacja-plakat-A4-1456x2048.jpg 1456w, https:\/\/podkarpacka.iarp.pl\/wp-content\/uploads\/2025\/02\/Aktywacja-plakat-A4.jpg 1821w\" sizes=\"auto, (max-width: 728px) 100vw, 728px\" \/><\/a><\/p>\n","protected":false},"excerpt":{"rendered":"<p>Szanowne Kole\u017canki i Koledzy &nbsp; Mi\u0142o mi poinformowa\u0107, \u017ce zosta\u0142a og\u0142oszona kolejna, XII ju\u017c edycja konkursu Kszta\u0142towanie Przestrzeni. W tym roku tematem konkursu jest &#8220;aktywAKCJA przestrzeni&#8221;. &nbsp; Czas mknie, \u015bwiat p\u0119dzi, rzeczywisto\u015b\u0107 zmienia si\u0119 w szalonym tempie, a nasz tryb \u017cycia jest coraz bardziej siedz\u0105cy. Zapominamy, \u017ce ruch wp\u0142ywa korzystnie na nasze samopoczucie, form\u0119, zdrowie, [&hellip;]<\/p>\n","protected":false},"author":6,"featured_media":7134,"comment_status":"closed","ping_status":"open","sticky":false,"template":"","format":"standard","meta":{"footnotes":""},"categories":[62],"tags":[],"class_list":["post-7131","post","type-post","status-publish","format-standard","has-post-thumbnail","hentry","category-konkursy"],"publishpress_future_action":{"enabled":false,"date":"2026-05-05 01:46:11","action":"change-status","newStatus":"draft","terms":[],"taxonomy":"category","extraData":[]},"publishpress_future_workflow_manual_trigger":{"enabledWorkflows":[]},"_links":{"self":[{"href":"https:\/\/podkarpacka.iarp.pl\/index.php?rest_route=\/wp\/v2\/posts\/7131","targetHints":{"allow":["GET"]}}],"collection":[{"href":"https:\/\/podkarpacka.iarp.pl\/index.php?rest_route=\/wp\/v2\/posts"}],"about":[{"href":"https:\/\/podkarpacka.iarp.pl\/index.php?rest_route=\/wp\/v2\/types\/post"}],"author":[{"embeddable":true,"href":"https:\/\/podkarpacka.iarp.pl\/index.php?rest_route=\/wp\/v2\/users\/6"}],"replies":[{"embeddable":true,"href":"https:\/\/podkarpacka.iarp.pl\/index.php?rest_route=%2Fwp%2Fv2%2Fcomments&post=7131"}],"version-history":[{"count":1,"href":"https:\/\/podkarpacka.iarp.pl\/index.php?rest_route=\/wp\/v2\/posts\/7131\/revisions"}],"predecessor-version":[{"id":7135,"href":"https:\/\/podkarpacka.iarp.pl\/index.php?rest_route=\/wp\/v2\/posts\/7131\/revisions\/7135"}],"wp:featuredmedia":[{"embeddable":true,"href":"https:\/\/podkarpacka.iarp.pl\/index.php?rest_route=\/wp\/v2\/media\/7134"}],"wp:attachment":[{"href":"https:\/\/podkarpacka.iarp.pl\/index.php?rest_route=%2Fwp%2Fv2%2Fmedia&parent=7131"}],"wp:term":[{"taxonomy":"category","embeddable":true,"href":"https:\/\/podkarpacka.iarp.pl\/index.php?rest_route=%2Fwp%2Fv2%2Fcategories&post=7131"},{"taxonomy":"post_tag","embeddable":true,"href":"https:\/\/podkarpacka.iarp.pl\/index.php?rest_route=%2Fwp%2Fv2%2Ftags&post=7131"}],"curies":[{"name":"wp","href":"https:\/\/api.w.org\/{rel}","templated":true}]}}