{"id":7145,"date":"2025-03-13T14:55:32","date_gmt":"2025-03-13T12:55:32","guid":{"rendered":"https:\/\/podkarpacka.iarp.pl\/?p=7145"},"modified":"2025-03-13T14:55:32","modified_gmt":"2025-03-13T12:55:32","slug":"szkolenie-zastosowanie-ai-w-projektowaniu-architektonicznym-i-urbanistycznym","status":"publish","type":"post","link":"https:\/\/podkarpacka.iarp.pl\/?p=7145","title":{"rendered":"Szkolenie: &#8220;Zastosowanie AI w projektowaniu architektonicznym i urbanistycznym&#8221;"},"content":{"rendered":"<p>ZAPRASZAMY NA SZKOLENIE\u00a0<img decoding=\"async\" class=\"an1\" draggable=\"false\" src=\"https:\/\/fonts.gstatic.com\/s\/e\/notoemoji\/16.0\/2757_fe0f\/32.png\" alt=\"\u2757\ufe0f\" data-emoji=\"\u2757\ufe0f\" aria-label=\"\u2757\ufe0f\" \/><\/p>\n<p>Katedra Urbanistyki i Architektury Politechniki Rzeszowskiej wraz z Podkarpack\u0105 Okr\u0119gow\u0105 Izb\u0105 Architekt\u00f3w Rzeczypospolitej Polskiej serdecznie zapraszaj\u0105 na wyk\u0142ad szkoleniowy &#8220;Zastosowanie AI w projektowaniu architektonicznym i urbanistycznym&#8221;.<\/p>\n<p>Szczeg\u00f3\u0142y spotkania:<br \/>\n<img decoding=\"async\" class=\"an1\" draggable=\"false\" src=\"https:\/\/fonts.gstatic.com\/s\/e\/notoemoji\/16.0\/25aa_fe0f\/32.png\" alt=\"\u25aa\ufe0f\" data-emoji=\"\u25aa\ufe0f\" aria-label=\"\u25aa\ufe0f\" \/>Prowadz\u0105ca: mgr in\u017c. arch. Urszula Kuczma.<br \/>\n<img decoding=\"async\" class=\"an1\" draggable=\"false\" src=\"https:\/\/fonts.gstatic.com\/s\/e\/notoemoji\/16.0\/25aa_fe0f\/32.png\" alt=\"\u25aa\ufe0f\" data-emoji=\"\u25aa\ufe0f\" aria-label=\"\u25aa\ufe0f\" \/>Tematyka: mo\u017cliwo\u015bci wykorzystania sztucznej inteligencji jako narz\u0119dzia wspieraj\u0105ce prac\u0119 architekt\u00f3w i urbanist\u00f3w.<br \/>\n<img decoding=\"async\" class=\"an1\" draggable=\"false\" src=\"https:\/\/fonts.gstatic.com\/s\/e\/notoemoji\/16.0\/25aa_fe0f\/32.png\" alt=\"\u25aa\ufe0f\" data-emoji=\"\u25aa\ufe0f\" aria-label=\"\u25aa\ufe0f\" \/>Termin: 26.03.2025 r. (\u015broda), rozpocz\u0119cie o godzinie: 16:00 (czas trwania ok. 2h).<\/p>\n<p>&nbsp;<\/p>\n<p><a href=\"https:\/\/podkarpacka.iarp.pl\/wp-content\/uploads\/2025\/03\/AI-szkolenie.jpg\" target=\"_blank\" rel=\"noopener\"><img loading=\"lazy\" decoding=\"async\" class=\"aligncenter wp-image-7146 size-large\" src=\"https:\/\/podkarpacka.iarp.pl\/wp-content\/uploads\/2025\/03\/AI-szkolenie-1024x576.jpg\" alt=\"\" width=\"770\" height=\"433\" srcset=\"https:\/\/podkarpacka.iarp.pl\/wp-content\/uploads\/2025\/03\/AI-szkolenie-1024x576.jpg 1024w, https:\/\/podkarpacka.iarp.pl\/wp-content\/uploads\/2025\/03\/AI-szkolenie-300x169.jpg 300w, https:\/\/podkarpacka.iarp.pl\/wp-content\/uploads\/2025\/03\/AI-szkolenie-768x432.jpg 768w, https:\/\/podkarpacka.iarp.pl\/wp-content\/uploads\/2025\/03\/AI-szkolenie-1536x864.jpg 1536w, https:\/\/podkarpacka.iarp.pl\/wp-content\/uploads\/2025\/03\/AI-szkolenie-600x338.jpg 600w, https:\/\/podkarpacka.iarp.pl\/wp-content\/uploads\/2025\/03\/AI-szkolenie.jpg 1920w\" sizes=\"auto, (max-width: 770px) 100vw, 770px\" \/><\/a><\/p>\n","protected":false},"excerpt":{"rendered":"<p>ZAPRASZAMY NA SZKOLENIE\u00a0 Katedra Urbanistyki i Architektury Politechniki Rzeszowskiej wraz z Podkarpack\u0105 Okr\u0119gow\u0105 Izb\u0105 Architekt\u00f3w Rzeczypospolitej Polskiej serdecznie zapraszaj\u0105 na wyk\u0142ad szkoleniowy &#8220;Zastosowanie AI w projektowaniu architektonicznym i urbanistycznym&#8221;. Szczeg\u00f3\u0142y spotkania: Prowadz\u0105ca: mgr in\u017c. arch. Urszula Kuczma. Tematyka: mo\u017cliwo\u015bci wykorzystania sztucznej inteligencji jako narz\u0119dzia wspieraj\u0105ce prac\u0119 architekt\u00f3w i urbanist\u00f3w. Termin: 26.03.2025 r. (\u015broda), rozpocz\u0119cie o [&hellip;]<\/p>\n","protected":false},"author":6,"featured_media":7146,"comment_status":"closed","ping_status":"open","sticky":false,"template":"","format":"standard","meta":{"footnotes":""},"categories":[57],"tags":[],"class_list":["post-7145","post","type-post","status-publish","format-standard","has-post-thumbnail","hentry","category-szkolenia"],"publishpress_future_action":{"enabled":false,"date":"2026-05-04 22:49:07","action":"change-status","newStatus":"draft","terms":[],"taxonomy":"category","extraData":[]},"publishpress_future_workflow_manual_trigger":{"enabledWorkflows":[]},"_links":{"self":[{"href":"https:\/\/podkarpacka.iarp.pl\/index.php?rest_route=\/wp\/v2\/posts\/7145","targetHints":{"allow":["GET"]}}],"collection":[{"href":"https:\/\/podkarpacka.iarp.pl\/index.php?rest_route=\/wp\/v2\/posts"}],"about":[{"href":"https:\/\/podkarpacka.iarp.pl\/index.php?rest_route=\/wp\/v2\/types\/post"}],"author":[{"embeddable":true,"href":"https:\/\/podkarpacka.iarp.pl\/index.php?rest_route=\/wp\/v2\/users\/6"}],"replies":[{"embeddable":true,"href":"https:\/\/podkarpacka.iarp.pl\/index.php?rest_route=%2Fwp%2Fv2%2Fcomments&post=7145"}],"version-history":[{"count":1,"href":"https:\/\/podkarpacka.iarp.pl\/index.php?rest_route=\/wp\/v2\/posts\/7145\/revisions"}],"predecessor-version":[{"id":7147,"href":"https:\/\/podkarpacka.iarp.pl\/index.php?rest_route=\/wp\/v2\/posts\/7145\/revisions\/7147"}],"wp:featuredmedia":[{"embeddable":true,"href":"https:\/\/podkarpacka.iarp.pl\/index.php?rest_route=\/wp\/v2\/media\/7146"}],"wp:attachment":[{"href":"https:\/\/podkarpacka.iarp.pl\/index.php?rest_route=%2Fwp%2Fv2%2Fmedia&parent=7145"}],"wp:term":[{"taxonomy":"category","embeddable":true,"href":"https:\/\/podkarpacka.iarp.pl\/index.php?rest_route=%2Fwp%2Fv2%2Fcategories&post=7145"},{"taxonomy":"post_tag","embeddable":true,"href":"https:\/\/podkarpacka.iarp.pl\/index.php?rest_route=%2Fwp%2Fv2%2Ftags&post=7145"}],"curies":[{"name":"wp","href":"https:\/\/api.w.org\/{rel}","templated":true}]}}