{"id":7149,"date":"2025-03-20T08:25:19","date_gmt":"2025-03-20T06:25:19","guid":{"rendered":"https:\/\/podkarpacka.iarp.pl\/?p=7149"},"modified":"2025-03-20T08:26:13","modified_gmt":"2025-03-20T06:26:13","slug":"konferencja-samorzad-terytorialny-i-zawodowy-pola-wspolpracy-lublin-2025","status":"publish","type":"post","link":"https:\/\/podkarpacka.iarp.pl\/?p=7149","title":{"rendered":"Konferencja &#8220;Samorz\u0105d Terytorialny i Zawodowy \u2013 Pola wsp\u00f3\u0142pracy&#8221; Lublin 2025"},"content":{"rendered":"<p>Kole\u017canki, Koledzy,<\/p>\n<p>Mamy zaszczyt zaprosi\u0107 Was na konferencj\u0119 wsp\u00f3\u0142organizowan\u0105 przez Lubelsk\u0105, Podkarpack\u0105 i \u015awi\u0119tokrzysk\u0105 Okr\u0119gow\u0105 Izb\u0119 Architekt\u00f3w RP.<\/p>\n<p>Wydarzenie odb\u0119dzie si\u0119 w dniach 10-11 kwietnia 2025 roku w Hotelu Arche w Lublinie.<\/p>\n<p>Tematem konferencji b\u0119dzie \u201eWsp\u00f3\u0142pracy pomi\u0119dzy samorz\u0105dem terytorialnym, a zawodowym \u2013 Izb\u0105 Architekt\u00f3w RP\u201d.<\/p>\n<p>B\u0119dzie to doskona\u0142a okazja do wymiany do\u015bwiadcze\u0144, dyskusji oraz wypracowania wsp\u00f3lnych rozwi\u0105za\u0144 na rzecz przysz\u0142o\u015bci naszej profesji.<br \/>\nZach\u0119camy do \u015bledzenia wydarzenia, gdy\u017c na bie\u017c\u0105co b\u0119dziemy informowa\u0107 o szczeg\u00f3\u0142ach programu konferencji<\/p>\n<p>Do zobaczenia w Lublinie!<\/p>\n<p><span style=\"color: #0000ff;\"><a style=\"color: #0000ff;\" href=\"https:\/\/www.facebook.com\/events\/1414896926587835\/?acontext=%7B%22event_action_history%22%3A[%7B%22mechanism%22%3A%22attachment%22%2C%22surface%22%3A%22newsfeed%22%7D]%2C%22ref_notif_type%22%3Anull%7D\" target=\"_blank\" rel=\"noopener\">Link do wydarzenia<\/a><\/span><\/p>\n<div><\/div>\n<div><\/div>\n<p><a href=\"https:\/\/podkarpacka.iarp.pl\/wp-content\/uploads\/2025\/03\/unnamed.png\"><img loading=\"lazy\" decoding=\"async\" class=\"aligncenter size-large wp-image-7150\" src=\"https:\/\/podkarpacka.iarp.pl\/wp-content\/uploads\/2025\/03\/unnamed-1024x538.png\" alt=\"\" width=\"770\" height=\"405\" srcset=\"https:\/\/podkarpacka.iarp.pl\/wp-content\/uploads\/2025\/03\/unnamed-1024x538.png 1024w, https:\/\/podkarpacka.iarp.pl\/wp-content\/uploads\/2025\/03\/unnamed-300x158.png 300w, https:\/\/podkarpacka.iarp.pl\/wp-content\/uploads\/2025\/03\/unnamed-768x403.png 768w, https:\/\/podkarpacka.iarp.pl\/wp-content\/uploads\/2025\/03\/unnamed-1536x806.png 1536w, https:\/\/podkarpacka.iarp.pl\/wp-content\/uploads\/2025\/03\/unnamed-2048x1075.png 2048w, https:\/\/podkarpacka.iarp.pl\/wp-content\/uploads\/2025\/03\/unnamed-600x315.png 600w\" sizes=\"auto, (max-width: 770px) 100vw, 770px\" \/><\/a><\/p>\n","protected":false},"excerpt":{"rendered":"<p>Kole\u017canki, Koledzy, Mamy zaszczyt zaprosi\u0107 Was na konferencj\u0119 wsp\u00f3\u0142organizowan\u0105 przez Lubelsk\u0105, Podkarpack\u0105 i \u015awi\u0119tokrzysk\u0105 Okr\u0119gow\u0105 Izb\u0119 Architekt\u00f3w RP. Wydarzenie odb\u0119dzie si\u0119 w dniach 10-11 kwietnia 2025 roku w Hotelu Arche w Lublinie. Tematem konferencji b\u0119dzie \u201eWsp\u00f3\u0142pracy pomi\u0119dzy samorz\u0105dem terytorialnym, a zawodowym \u2013 Izb\u0105 Architekt\u00f3w RP\u201d. B\u0119dzie to doskona\u0142a okazja do wymiany do\u015bwiadcze\u0144, dyskusji oraz wypracowania [&hellip;]<\/p>\n","protected":false},"author":6,"featured_media":7150,"comment_status":"closed","ping_status":"open","sticky":false,"template":"","format":"standard","meta":{"footnotes":""},"categories":[55],"tags":[],"class_list":["post-7149","post","type-post","status-publish","format-standard","has-post-thumbnail","hentry","category-wydarzenia"],"publishpress_future_action":{"enabled":false,"date":"2026-05-05 15:22:47","action":"change-status","newStatus":"draft","terms":[],"taxonomy":"category","extraData":[]},"publishpress_future_workflow_manual_trigger":{"enabledWorkflows":[]},"_links":{"self":[{"href":"https:\/\/podkarpacka.iarp.pl\/index.php?rest_route=\/wp\/v2\/posts\/7149","targetHints":{"allow":["GET"]}}],"collection":[{"href":"https:\/\/podkarpacka.iarp.pl\/index.php?rest_route=\/wp\/v2\/posts"}],"about":[{"href":"https:\/\/podkarpacka.iarp.pl\/index.php?rest_route=\/wp\/v2\/types\/post"}],"author":[{"embeddable":true,"href":"https:\/\/podkarpacka.iarp.pl\/index.php?rest_route=\/wp\/v2\/users\/6"}],"replies":[{"embeddable":true,"href":"https:\/\/podkarpacka.iarp.pl\/index.php?rest_route=%2Fwp%2Fv2%2Fcomments&post=7149"}],"version-history":[{"count":6,"href":"https:\/\/podkarpacka.iarp.pl\/index.php?rest_route=\/wp\/v2\/posts\/7149\/revisions"}],"predecessor-version":[{"id":7156,"href":"https:\/\/podkarpacka.iarp.pl\/index.php?rest_route=\/wp\/v2\/posts\/7149\/revisions\/7156"}],"wp:featuredmedia":[{"embeddable":true,"href":"https:\/\/podkarpacka.iarp.pl\/index.php?rest_route=\/wp\/v2\/media\/7150"}],"wp:attachment":[{"href":"https:\/\/podkarpacka.iarp.pl\/index.php?rest_route=%2Fwp%2Fv2%2Fmedia&parent=7149"}],"wp:term":[{"taxonomy":"category","embeddable":true,"href":"https:\/\/podkarpacka.iarp.pl\/index.php?rest_route=%2Fwp%2Fv2%2Fcategories&post=7149"},{"taxonomy":"post_tag","embeddable":true,"href":"https:\/\/podkarpacka.iarp.pl\/index.php?rest_route=%2Fwp%2Fv2%2Ftags&post=7149"}],"curies":[{"name":"wp","href":"https:\/\/api.w.org\/{rel}","templated":true}]}}