{"id":7159,"date":"2025-03-25T16:50:27","date_gmt":"2025-03-25T14:50:27","guid":{"rendered":"https:\/\/podkarpacka.iarp.pl\/?p=7159"},"modified":"2025-03-25T16:50:27","modified_gmt":"2025-03-25T14:50:27","slug":"xviii-sprawozdawczy-zjazd-podkarpackiej-okregowej-izby-architektow-rp-fotorelacja","status":"publish","type":"post","link":"https:\/\/podkarpacka.iarp.pl\/?p=7159","title":{"rendered":"XVIII Sprawozdawczy Zjazd Podkarpackiej Okr\u0119gowej Izby Architekt\u00f3w RP &#8211; fotorelacja"},"content":{"rendered":"<div>Dnia 21 marca 2025 r. odby\u0142 si\u0119 XVIII Sprawozdawczy Zjazd Podkarpackiej Okr\u0119gowej Izby Architekt\u00f3w RP.<\/div>\n<p>Nasz zjazd swoj\u0105 obecno\u015bci\u0105 u\u015bwietnili zaproszeni go\u015bcie: Zast\u0119pca Prezydenta Miasta Rzeszowa Grzegorz Wrona, Prezes Krajowej Rady Izby Architekt\u00f3w RP kol. Piotr Fokczy\u0144ski, Prodziekan ds. Rozwoju Politechniki Rzeszowskiej dr hab. in\u017c. Piotr Nazarko oraz Prezes SARP Oddzia\u0142 Rzesz\u00f3w Wac\u0142aw Mat\u0142ok.<br \/>\nWszystkim sk\u0142adamy serdeczne podzi\u0119kowania za przybycie i wyst\u0105pienia.<\/p>\n<p>Podczas zjazdu wr\u0119czono srebrn\u0105 odznak\u0119 I stopnia kole\u017cance Joannie Matraszek oraz dyplomy dla student\u00f3w Ko\u0142a Naukowego Immersja dzia\u0142aj\u0105cego przy Wydziale Budownictwa Politechniki Rzeszowskiej, kt\u00f3re odebra\u0142a koordynatorka ds. wsp\u00f3\u0142pracy z Politechniki Rzeszowskiej, kole\u017canka Anna Pomyka\u0142a.<\/p>\n<p>Dzi\u0119kujemy r\u00f3wnie\u017c Kole\u017cankom i Kolegom Delegatom Podkarpackiej Okr\u0119gowej Izby Architekt\u00f3w za udzia\u0142 w zje\u017adzie.<br \/>\nSzczeg\u00f3\u0142owe informacje dotycz\u0105ce wynik\u00f3w g\u0142osowa\u0144 oraz przyj\u0119tych uchwa\u0142 zostan\u0105 opublikowane na stronie PKOIA.<\/p>\n<p>&nbsp;<\/p>\n\n\t\t<style type=\"text\/css\">\n\t\t\t#gallery-1 {\n\t\t\t\tmargin: auto;\n\t\t\t}\n\t\t\t#gallery-1 .gallery-item {\n\t\t\t\tfloat: left;\n\t\t\t\tmargin-top: 10px;\n\t\t\t\ttext-align: center;\n\t\t\t\twidth: 33%;\n\t\t\t}\n\t\t\t#gallery-1 img {\n\t\t\t\tborder: 2px solid #cfcfcf;\n\t\t\t}\n\t\t\t#gallery-1 .gallery-caption {\n\t\t\t\tmargin-left: 0;\n\t\t\t}\n\t\t\t\/* see gallery_shortcode() in wp-includes\/media.php *\/\n\t\t<\/style>\n\t\t<div id='gallery-1' class='gallery galleryid-7159 gallery-columns-3 gallery-size-medium'><dl class='gallery-item'>\n\t\t\t<dt class='gallery-icon portrait'>\n\t\t\t\t<a href='https:\/\/podkarpacka.iarp.pl\/?attachment_id=7160'><img loading=\"lazy\" decoding=\"async\" width=\"169\" height=\"300\" src=\"https:\/\/podkarpacka.iarp.pl\/wp-content\/uploads\/2025\/03\/Zdjecie-WhatsApp-2025-03-21-o-16.42.06_f881e404-169x300.jpg\" class=\"attachment-medium size-medium\" alt=\"\" srcset=\"https:\/\/podkarpacka.iarp.pl\/wp-content\/uploads\/2025\/03\/Zdjecie-WhatsApp-2025-03-21-o-16.42.06_f881e404-169x300.jpg 169w, https:\/\/podkarpacka.iarp.pl\/wp-content\/uploads\/2025\/03\/Zdjecie-WhatsApp-2025-03-21-o-16.42.06_f881e404-576x1024.jpg 576w, https:\/\/podkarpacka.iarp.pl\/wp-content\/uploads\/2025\/03\/Zdjecie-WhatsApp-2025-03-21-o-16.42.06_f881e404-768x1365.jpg 768w, https:\/\/podkarpacka.iarp.pl\/wp-content\/uploads\/2025\/03\/Zdjecie-WhatsApp-2025-03-21-o-16.42.06_f881e404-864x1536.jpg 864w, https:\/\/podkarpacka.iarp.pl\/wp-content\/uploads\/2025\/03\/Zdjecie-WhatsApp-2025-03-21-o-16.42.06_f881e404-600x1067.jpg 600w, https:\/\/podkarpacka.iarp.pl\/wp-content\/uploads\/2025\/03\/Zdjecie-WhatsApp-2025-03-21-o-16.42.06_f881e404.jpg 900w\" sizes=\"auto, (max-width: 169px) 100vw, 169px\" \/><\/a>\n\t\t\t<\/dt><\/dl><dl class='gallery-item'>\n\t\t\t<dt class='gallery-icon landscape'>\n\t\t\t\t<a href='https:\/\/podkarpacka.iarp.pl\/?attachment_id=7161'><img loading=\"lazy\" decoding=\"async\" width=\"300\" height=\"135\" src=\"https:\/\/podkarpacka.iarp.pl\/wp-content\/uploads\/2025\/03\/Zdjecie-WhatsApp-2025-03-22-o-13.25.34_dbf1b210-300x135.jpg\" class=\"attachment-medium size-medium\" alt=\"\" srcset=\"https:\/\/podkarpacka.iarp.pl\/wp-content\/uploads\/2025\/03\/Zdjecie-WhatsApp-2025-03-22-o-13.25.34_dbf1b210-300x135.jpg 300w, https:\/\/podkarpacka.iarp.pl\/wp-content\/uploads\/2025\/03\/Zdjecie-WhatsApp-2025-03-22-o-13.25.34_dbf1b210-1024x461.jpg 1024w, https:\/\/podkarpacka.iarp.pl\/wp-content\/uploads\/2025\/03\/Zdjecie-WhatsApp-2025-03-22-o-13.25.34_dbf1b210-768x346.jpg 768w, https:\/\/podkarpacka.iarp.pl\/wp-content\/uploads\/2025\/03\/Zdjecie-WhatsApp-2025-03-22-o-13.25.34_dbf1b210-1536x691.jpg 1536w, https:\/\/podkarpacka.iarp.pl\/wp-content\/uploads\/2025\/03\/Zdjecie-WhatsApp-2025-03-22-o-13.25.34_dbf1b210-600x270.jpg 600w, https:\/\/podkarpacka.iarp.pl\/wp-content\/uploads\/2025\/03\/Zdjecie-WhatsApp-2025-03-22-o-13.25.34_dbf1b210.jpg 1600w\" sizes=\"auto, (max-width: 300px) 100vw, 300px\" \/><\/a>\n\t\t\t<\/dt><\/dl><dl class='gallery-item'>\n\t\t\t<dt class='gallery-icon portrait'>\n\t\t\t\t<a href='https:\/\/podkarpacka.iarp.pl\/?attachment_id=7162'><img loading=\"lazy\" decoding=\"async\" width=\"202\" height=\"300\" src=\"https:\/\/podkarpacka.iarp.pl\/wp-content\/uploads\/2025\/03\/Zdjecie-WhatsApp-2025-03-22-o-13.45.12_7bdcef6b-202x300.jpg\" class=\"attachment-medium size-medium\" alt=\"\" srcset=\"https:\/\/podkarpacka.iarp.pl\/wp-content\/uploads\/2025\/03\/Zdjecie-WhatsApp-2025-03-22-o-13.45.12_7bdcef6b-202x300.jpg 202w, https:\/\/podkarpacka.iarp.pl\/wp-content\/uploads\/2025\/03\/Zdjecie-WhatsApp-2025-03-22-o-13.45.12_7bdcef6b-691x1024.jpg 691w, https:\/\/podkarpacka.iarp.pl\/wp-content\/uploads\/2025\/03\/Zdjecie-WhatsApp-2025-03-22-o-13.45.12_7bdcef6b-768x1139.jpg 768w, https:\/\/podkarpacka.iarp.pl\/wp-content\/uploads\/2025\/03\/Zdjecie-WhatsApp-2025-03-22-o-13.45.12_7bdcef6b-1036x1536.jpg 1036w, https:\/\/podkarpacka.iarp.pl\/wp-content\/uploads\/2025\/03\/Zdjecie-WhatsApp-2025-03-22-o-13.45.12_7bdcef6b-600x890.jpg 600w, https:\/\/podkarpacka.iarp.pl\/wp-content\/uploads\/2025\/03\/Zdjecie-WhatsApp-2025-03-22-o-13.45.12_7bdcef6b.jpg 1079w\" sizes=\"auto, (max-width: 202px) 100vw, 202px\" \/><\/a>\n\t\t\t<\/dt><\/dl><br style=\"clear: both\" \/><dl class='gallery-item'>\n\t\t\t<dt class='gallery-icon landscape'>\n\t\t\t\t<a href='https:\/\/podkarpacka.iarp.pl\/?attachment_id=7163'><img loading=\"lazy\" decoding=\"async\" width=\"300\" height=\"225\" src=\"https:\/\/podkarpacka.iarp.pl\/wp-content\/uploads\/2025\/03\/Zdjecie-WhatsApp-2025-03-22-o-13.45.54_f560085c-300x225.jpg\" class=\"attachment-medium size-medium\" alt=\"\" srcset=\"https:\/\/podkarpacka.iarp.pl\/wp-content\/uploads\/2025\/03\/Zdjecie-WhatsApp-2025-03-22-o-13.45.54_f560085c-300x225.jpg 300w, https:\/\/podkarpacka.iarp.pl\/wp-content\/uploads\/2025\/03\/Zdjecie-WhatsApp-2025-03-22-o-13.45.54_f560085c-1024x768.jpg 1024w, https:\/\/podkarpacka.iarp.pl\/wp-content\/uploads\/2025\/03\/Zdjecie-WhatsApp-2025-03-22-o-13.45.54_f560085c-768x576.jpg 768w, https:\/\/podkarpacka.iarp.pl\/wp-content\/uploads\/2025\/03\/Zdjecie-WhatsApp-2025-03-22-o-13.45.54_f560085c-1536x1152.jpg 1536w, https:\/\/podkarpacka.iarp.pl\/wp-content\/uploads\/2025\/03\/Zdjecie-WhatsApp-2025-03-22-o-13.45.54_f560085c-600x450.jpg 600w, https:\/\/podkarpacka.iarp.pl\/wp-content\/uploads\/2025\/03\/Zdjecie-WhatsApp-2025-03-22-o-13.45.54_f560085c.jpg 2048w\" sizes=\"auto, (max-width: 300px) 100vw, 300px\" \/><\/a>\n\t\t\t<\/dt><\/dl><dl class='gallery-item'>\n\t\t\t<dt class='gallery-icon landscape'>\n\t\t\t\t<a href='https:\/\/podkarpacka.iarp.pl\/?attachment_id=7164'><img loading=\"lazy\" decoding=\"async\" width=\"300\" height=\"225\" src=\"https:\/\/podkarpacka.iarp.pl\/wp-content\/uploads\/2025\/03\/Zdjecie-WhatsApp-2025-03-22-o-13.45.55_8f8ffb35-300x225.jpg\" class=\"attachment-medium size-medium\" alt=\"\" srcset=\"https:\/\/podkarpacka.iarp.pl\/wp-content\/uploads\/2025\/03\/Zdjecie-WhatsApp-2025-03-22-o-13.45.55_8f8ffb35-300x225.jpg 300w, https:\/\/podkarpacka.iarp.pl\/wp-content\/uploads\/2025\/03\/Zdjecie-WhatsApp-2025-03-22-o-13.45.55_8f8ffb35-1024x768.jpg 1024w, https:\/\/podkarpacka.iarp.pl\/wp-content\/uploads\/2025\/03\/Zdjecie-WhatsApp-2025-03-22-o-13.45.55_8f8ffb35-768x576.jpg 768w, https:\/\/podkarpacka.iarp.pl\/wp-content\/uploads\/2025\/03\/Zdjecie-WhatsApp-2025-03-22-o-13.45.55_8f8ffb35-1536x1152.jpg 1536w, https:\/\/podkarpacka.iarp.pl\/wp-content\/uploads\/2025\/03\/Zdjecie-WhatsApp-2025-03-22-o-13.45.55_8f8ffb35-600x450.jpg 600w, https:\/\/podkarpacka.iarp.pl\/wp-content\/uploads\/2025\/03\/Zdjecie-WhatsApp-2025-03-22-o-13.45.55_8f8ffb35.jpg 2048w\" sizes=\"auto, (max-width: 300px) 100vw, 300px\" \/><\/a>\n\t\t\t<\/dt><\/dl><dl class='gallery-item'>\n\t\t\t<dt class='gallery-icon landscape'>\n\t\t\t\t<a href='https:\/\/podkarpacka.iarp.pl\/?attachment_id=7165'><img loading=\"lazy\" decoding=\"async\" width=\"300\" height=\"225\" src=\"https:\/\/podkarpacka.iarp.pl\/wp-content\/uploads\/2025\/03\/Zdjecie-WhatsApp-2025-03-22-o-13.45.55_585af437-300x225.jpg\" class=\"attachment-medium size-medium\" alt=\"\" srcset=\"https:\/\/podkarpacka.iarp.pl\/wp-content\/uploads\/2025\/03\/Zdjecie-WhatsApp-2025-03-22-o-13.45.55_585af437-300x225.jpg 300w, https:\/\/podkarpacka.iarp.pl\/wp-content\/uploads\/2025\/03\/Zdjecie-WhatsApp-2025-03-22-o-13.45.55_585af437-1024x768.jpg 1024w, https:\/\/podkarpacka.iarp.pl\/wp-content\/uploads\/2025\/03\/Zdjecie-WhatsApp-2025-03-22-o-13.45.55_585af437-768x576.jpg 768w, https:\/\/podkarpacka.iarp.pl\/wp-content\/uploads\/2025\/03\/Zdjecie-WhatsApp-2025-03-22-o-13.45.55_585af437-1536x1152.jpg 1536w, https:\/\/podkarpacka.iarp.pl\/wp-content\/uploads\/2025\/03\/Zdjecie-WhatsApp-2025-03-22-o-13.45.55_585af437-600x450.jpg 600w, https:\/\/podkarpacka.iarp.pl\/wp-content\/uploads\/2025\/03\/Zdjecie-WhatsApp-2025-03-22-o-13.45.55_585af437.jpg 2048w\" sizes=\"auto, (max-width: 300px) 100vw, 300px\" \/><\/a>\n\t\t\t<\/dt><\/dl><br style=\"clear: both\" \/><dl class='gallery-item'>\n\t\t\t<dt class='gallery-icon landscape'>\n\t\t\t\t<a href='https:\/\/podkarpacka.iarp.pl\/?attachment_id=7166'><img loading=\"lazy\" decoding=\"async\" width=\"300\" height=\"225\" src=\"https:\/\/podkarpacka.iarp.pl\/wp-content\/uploads\/2025\/03\/Zdjecie-WhatsApp-2025-03-22-o-13.45.55_a7cc3ebf-300x225.jpg\" class=\"attachment-medium size-medium\" alt=\"\" srcset=\"https:\/\/podkarpacka.iarp.pl\/wp-content\/uploads\/2025\/03\/Zdjecie-WhatsApp-2025-03-22-o-13.45.55_a7cc3ebf-300x225.jpg 300w, https:\/\/podkarpacka.iarp.pl\/wp-content\/uploads\/2025\/03\/Zdjecie-WhatsApp-2025-03-22-o-13.45.55_a7cc3ebf-1024x768.jpg 1024w, https:\/\/podkarpacka.iarp.pl\/wp-content\/uploads\/2025\/03\/Zdjecie-WhatsApp-2025-03-22-o-13.45.55_a7cc3ebf-768x576.jpg 768w, https:\/\/podkarpacka.iarp.pl\/wp-content\/uploads\/2025\/03\/Zdjecie-WhatsApp-2025-03-22-o-13.45.55_a7cc3ebf-1536x1152.jpg 1536w, https:\/\/podkarpacka.iarp.pl\/wp-content\/uploads\/2025\/03\/Zdjecie-WhatsApp-2025-03-22-o-13.45.55_a7cc3ebf-600x450.jpg 600w, https:\/\/podkarpacka.iarp.pl\/wp-content\/uploads\/2025\/03\/Zdjecie-WhatsApp-2025-03-22-o-13.45.55_a7cc3ebf.jpg 2048w\" sizes=\"auto, (max-width: 300px) 100vw, 300px\" \/><\/a>\n\t\t\t<\/dt><\/dl><dl class='gallery-item'>\n\t\t\t<dt class='gallery-icon portrait'>\n\t\t\t\t<a href='https:\/\/podkarpacka.iarp.pl\/?attachment_id=7167'><img loading=\"lazy\" decoding=\"async\" width=\"225\" height=\"300\" src=\"https:\/\/podkarpacka.iarp.pl\/wp-content\/uploads\/2025\/03\/Zdjecie-WhatsApp-2025-03-24-o-20.44.08_ab4101f4-225x300.jpg\" class=\"attachment-medium size-medium\" alt=\"\" srcset=\"https:\/\/podkarpacka.iarp.pl\/wp-content\/uploads\/2025\/03\/Zdjecie-WhatsApp-2025-03-24-o-20.44.08_ab4101f4-225x300.jpg 225w, https:\/\/podkarpacka.iarp.pl\/wp-content\/uploads\/2025\/03\/Zdjecie-WhatsApp-2025-03-24-o-20.44.08_ab4101f4-768x1024.jpg 768w, https:\/\/podkarpacka.iarp.pl\/wp-content\/uploads\/2025\/03\/Zdjecie-WhatsApp-2025-03-24-o-20.44.08_ab4101f4-1152x1536.jpg 1152w, https:\/\/podkarpacka.iarp.pl\/wp-content\/uploads\/2025\/03\/Zdjecie-WhatsApp-2025-03-24-o-20.44.08_ab4101f4-600x800.jpg 600w, https:\/\/podkarpacka.iarp.pl\/wp-content\/uploads\/2025\/03\/Zdjecie-WhatsApp-2025-03-24-o-20.44.08_ab4101f4.jpg 1536w\" sizes=\"auto, (max-width: 225px) 100vw, 225px\" \/><\/a>\n\t\t\t<\/dt><\/dl><dl class='gallery-item'>\n\t\t\t<dt class='gallery-icon portrait'>\n\t\t\t\t<a href='https:\/\/podkarpacka.iarp.pl\/?attachment_id=7168'><img loading=\"lazy\" decoding=\"async\" width=\"225\" height=\"300\" src=\"https:\/\/podkarpacka.iarp.pl\/wp-content\/uploads\/2025\/03\/Zdjecie-WhatsApp-2025-03-24-o-20.44.08_d448c930-225x300.jpg\" class=\"attachment-medium size-medium\" alt=\"\" srcset=\"https:\/\/podkarpacka.iarp.pl\/wp-content\/uploads\/2025\/03\/Zdjecie-WhatsApp-2025-03-24-o-20.44.08_d448c930-225x300.jpg 225w, https:\/\/podkarpacka.iarp.pl\/wp-content\/uploads\/2025\/03\/Zdjecie-WhatsApp-2025-03-24-o-20.44.08_d448c930-768x1024.jpg 768w, https:\/\/podkarpacka.iarp.pl\/wp-content\/uploads\/2025\/03\/Zdjecie-WhatsApp-2025-03-24-o-20.44.08_d448c930-1152x1536.jpg 1152w, https:\/\/podkarpacka.iarp.pl\/wp-content\/uploads\/2025\/03\/Zdjecie-WhatsApp-2025-03-24-o-20.44.08_d448c930-600x800.jpg 600w, https:\/\/podkarpacka.iarp.pl\/wp-content\/uploads\/2025\/03\/Zdjecie-WhatsApp-2025-03-24-o-20.44.08_d448c930.jpg 1536w\" sizes=\"auto, (max-width: 225px) 100vw, 225px\" \/><\/a>\n\t\t\t<\/dt><\/dl><br style=\"clear: both\" \/><dl class='gallery-item'>\n\t\t\t<dt class='gallery-icon portrait'>\n\t\t\t\t<a href='https:\/\/podkarpacka.iarp.pl\/?attachment_id=7169'><img loading=\"lazy\" decoding=\"async\" width=\"225\" height=\"300\" src=\"https:\/\/podkarpacka.iarp.pl\/wp-content\/uploads\/2025\/03\/Zdjecie-WhatsApp-2025-03-24-o-20.44.09_dabe50ca-225x300.jpg\" class=\"attachment-medium size-medium\" alt=\"\" srcset=\"https:\/\/podkarpacka.iarp.pl\/wp-content\/uploads\/2025\/03\/Zdjecie-WhatsApp-2025-03-24-o-20.44.09_dabe50ca-225x300.jpg 225w, https:\/\/podkarpacka.iarp.pl\/wp-content\/uploads\/2025\/03\/Zdjecie-WhatsApp-2025-03-24-o-20.44.09_dabe50ca-768x1024.jpg 768w, https:\/\/podkarpacka.iarp.pl\/wp-content\/uploads\/2025\/03\/Zdjecie-WhatsApp-2025-03-24-o-20.44.09_dabe50ca-1152x1536.jpg 1152w, https:\/\/podkarpacka.iarp.pl\/wp-content\/uploads\/2025\/03\/Zdjecie-WhatsApp-2025-03-24-o-20.44.09_dabe50ca-600x800.jpg 600w, https:\/\/podkarpacka.iarp.pl\/wp-content\/uploads\/2025\/03\/Zdjecie-WhatsApp-2025-03-24-o-20.44.09_dabe50ca.jpg 1536w\" sizes=\"auto, (max-width: 225px) 100vw, 225px\" \/><\/a>\n\t\t\t<\/dt><\/dl><dl class='gallery-item'>\n\t\t\t<dt class='gallery-icon portrait'>\n\t\t\t\t<a href='https:\/\/podkarpacka.iarp.pl\/?attachment_id=7170'><img loading=\"lazy\" decoding=\"async\" width=\"225\" height=\"300\" src=\"https:\/\/podkarpacka.iarp.pl\/wp-content\/uploads\/2025\/03\/Zdjecie-WhatsApp-2025-03-24-o-20.44.09_ea3dcf7a-225x300.jpg\" class=\"attachment-medium size-medium\" alt=\"\" srcset=\"https:\/\/podkarpacka.iarp.pl\/wp-content\/uploads\/2025\/03\/Zdjecie-WhatsApp-2025-03-24-o-20.44.09_ea3dcf7a-225x300.jpg 225w, https:\/\/podkarpacka.iarp.pl\/wp-content\/uploads\/2025\/03\/Zdjecie-WhatsApp-2025-03-24-o-20.44.09_ea3dcf7a-768x1024.jpg 768w, https:\/\/podkarpacka.iarp.pl\/wp-content\/uploads\/2025\/03\/Zdjecie-WhatsApp-2025-03-24-o-20.44.09_ea3dcf7a-1152x1536.jpg 1152w, https:\/\/podkarpacka.iarp.pl\/wp-content\/uploads\/2025\/03\/Zdjecie-WhatsApp-2025-03-24-o-20.44.09_ea3dcf7a-600x800.jpg 600w, https:\/\/podkarpacka.iarp.pl\/wp-content\/uploads\/2025\/03\/Zdjecie-WhatsApp-2025-03-24-o-20.44.09_ea3dcf7a.jpg 1536w\" sizes=\"auto, (max-width: 225px) 100vw, 225px\" \/><\/a>\n\t\t\t<\/dt><\/dl><dl class='gallery-item'>\n\t\t\t<dt class='gallery-icon portrait'>\n\t\t\t\t<a href='https:\/\/podkarpacka.iarp.pl\/?attachment_id=7171'><img loading=\"lazy\" decoding=\"async\" width=\"225\" height=\"300\" src=\"https:\/\/podkarpacka.iarp.pl\/wp-content\/uploads\/2025\/03\/Zdjecie-WhatsApp-2025-03-24-o-20.44.10_0e0730d2-225x300.jpg\" class=\"attachment-medium size-medium\" alt=\"\" srcset=\"https:\/\/podkarpacka.iarp.pl\/wp-content\/uploads\/2025\/03\/Zdjecie-WhatsApp-2025-03-24-o-20.44.10_0e0730d2-225x300.jpg 225w, https:\/\/podkarpacka.iarp.pl\/wp-content\/uploads\/2025\/03\/Zdjecie-WhatsApp-2025-03-24-o-20.44.10_0e0730d2-768x1024.jpg 768w, https:\/\/podkarpacka.iarp.pl\/wp-content\/uploads\/2025\/03\/Zdjecie-WhatsApp-2025-03-24-o-20.44.10_0e0730d2-1152x1536.jpg 1152w, https:\/\/podkarpacka.iarp.pl\/wp-content\/uploads\/2025\/03\/Zdjecie-WhatsApp-2025-03-24-o-20.44.10_0e0730d2-600x800.jpg 600w, https:\/\/podkarpacka.iarp.pl\/wp-content\/uploads\/2025\/03\/Zdjecie-WhatsApp-2025-03-24-o-20.44.10_0e0730d2.jpg 1536w\" sizes=\"auto, (max-width: 225px) 100vw, 225px\" \/><\/a>\n\t\t\t<\/dt><\/dl><br style=\"clear: both\" \/><dl class='gallery-item'>\n\t\t\t<dt class='gallery-icon portrait'>\n\t\t\t\t<a href='https:\/\/podkarpacka.iarp.pl\/?attachment_id=7172'><img loading=\"lazy\" decoding=\"async\" width=\"225\" height=\"300\" src=\"https:\/\/podkarpacka.iarp.pl\/wp-content\/uploads\/2025\/03\/Zdjecie-WhatsApp-2025-03-24-o-20.44.15_797ba405-225x300.jpg\" class=\"attachment-medium size-medium\" alt=\"\" srcset=\"https:\/\/podkarpacka.iarp.pl\/wp-content\/uploads\/2025\/03\/Zdjecie-WhatsApp-2025-03-24-o-20.44.15_797ba405-225x300.jpg 225w, https:\/\/podkarpacka.iarp.pl\/wp-content\/uploads\/2025\/03\/Zdjecie-WhatsApp-2025-03-24-o-20.44.15_797ba405-768x1024.jpg 768w, https:\/\/podkarpacka.iarp.pl\/wp-content\/uploads\/2025\/03\/Zdjecie-WhatsApp-2025-03-24-o-20.44.15_797ba405-1152x1536.jpg 1152w, https:\/\/podkarpacka.iarp.pl\/wp-content\/uploads\/2025\/03\/Zdjecie-WhatsApp-2025-03-24-o-20.44.15_797ba405-600x800.jpg 600w, https:\/\/podkarpacka.iarp.pl\/wp-content\/uploads\/2025\/03\/Zdjecie-WhatsApp-2025-03-24-o-20.44.15_797ba405.jpg 1536w\" sizes=\"auto, (max-width: 225px) 100vw, 225px\" \/><\/a>\n\t\t\t<\/dt><\/dl><dl class='gallery-item'>\n\t\t\t<dt class='gallery-icon portrait'>\n\t\t\t\t<a href='https:\/\/podkarpacka.iarp.pl\/?attachment_id=7173'><img loading=\"lazy\" decoding=\"async\" width=\"225\" height=\"300\" src=\"https:\/\/podkarpacka.iarp.pl\/wp-content\/uploads\/2025\/03\/Zdjecie-WhatsApp-2025-03-24-o-20.44.21_7115c239-225x300.jpg\" class=\"attachment-medium size-medium\" alt=\"\" srcset=\"https:\/\/podkarpacka.iarp.pl\/wp-content\/uploads\/2025\/03\/Zdjecie-WhatsApp-2025-03-24-o-20.44.21_7115c239-225x300.jpg 225w, https:\/\/podkarpacka.iarp.pl\/wp-content\/uploads\/2025\/03\/Zdjecie-WhatsApp-2025-03-24-o-20.44.21_7115c239-768x1024.jpg 768w, https:\/\/podkarpacka.iarp.pl\/wp-content\/uploads\/2025\/03\/Zdjecie-WhatsApp-2025-03-24-o-20.44.21_7115c239-1152x1536.jpg 1152w, https:\/\/podkarpacka.iarp.pl\/wp-content\/uploads\/2025\/03\/Zdjecie-WhatsApp-2025-03-24-o-20.44.21_7115c239-600x800.jpg 600w, https:\/\/podkarpacka.iarp.pl\/wp-content\/uploads\/2025\/03\/Zdjecie-WhatsApp-2025-03-24-o-20.44.21_7115c239.jpg 1536w\" sizes=\"auto, (max-width: 225px) 100vw, 225px\" \/><\/a>\n\t\t\t<\/dt><\/dl><dl class='gallery-item'>\n\t\t\t<dt class='gallery-icon portrait'>\n\t\t\t\t<a href='https:\/\/podkarpacka.iarp.pl\/?attachment_id=7174'><img loading=\"lazy\" decoding=\"async\" width=\"225\" height=\"300\" src=\"https:\/\/podkarpacka.iarp.pl\/wp-content\/uploads\/2025\/03\/Zdjecie-WhatsApp-2025-03-24-o-20.44.21_a8fa9b9f-225x300.jpg\" class=\"attachment-medium size-medium\" alt=\"\" srcset=\"https:\/\/podkarpacka.iarp.pl\/wp-content\/uploads\/2025\/03\/Zdjecie-WhatsApp-2025-03-24-o-20.44.21_a8fa9b9f-225x300.jpg 225w, https:\/\/podkarpacka.iarp.pl\/wp-content\/uploads\/2025\/03\/Zdjecie-WhatsApp-2025-03-24-o-20.44.21_a8fa9b9f-768x1024.jpg 768w, https:\/\/podkarpacka.iarp.pl\/wp-content\/uploads\/2025\/03\/Zdjecie-WhatsApp-2025-03-24-o-20.44.21_a8fa9b9f-1152x1536.jpg 1152w, https:\/\/podkarpacka.iarp.pl\/wp-content\/uploads\/2025\/03\/Zdjecie-WhatsApp-2025-03-24-o-20.44.21_a8fa9b9f-600x800.jpg 600w, https:\/\/podkarpacka.iarp.pl\/wp-content\/uploads\/2025\/03\/Zdjecie-WhatsApp-2025-03-24-o-20.44.21_a8fa9b9f.jpg 1536w\" sizes=\"auto, (max-width: 225px) 100vw, 225px\" \/><\/a>\n\t\t\t<\/dt><\/dl><br style=\"clear: both\" \/><dl class='gallery-item'>\n\t\t\t<dt class='gallery-icon portrait'>\n\t\t\t\t<a href='https:\/\/podkarpacka.iarp.pl\/?attachment_id=7175'><img loading=\"lazy\" decoding=\"async\" width=\"225\" height=\"300\" src=\"https:\/\/podkarpacka.iarp.pl\/wp-content\/uploads\/2025\/03\/Zdjecie-WhatsApp-2025-03-24-o-20.44.22_1b706c2e-225x300.jpg\" class=\"attachment-medium size-medium\" alt=\"\" srcset=\"https:\/\/podkarpacka.iarp.pl\/wp-content\/uploads\/2025\/03\/Zdjecie-WhatsApp-2025-03-24-o-20.44.22_1b706c2e-225x300.jpg 225w, https:\/\/podkarpacka.iarp.pl\/wp-content\/uploads\/2025\/03\/Zdjecie-WhatsApp-2025-03-24-o-20.44.22_1b706c2e-768x1024.jpg 768w, https:\/\/podkarpacka.iarp.pl\/wp-content\/uploads\/2025\/03\/Zdjecie-WhatsApp-2025-03-24-o-20.44.22_1b706c2e-1152x1536.jpg 1152w, https:\/\/podkarpacka.iarp.pl\/wp-content\/uploads\/2025\/03\/Zdjecie-WhatsApp-2025-03-24-o-20.44.22_1b706c2e-600x800.jpg 600w, https:\/\/podkarpacka.iarp.pl\/wp-content\/uploads\/2025\/03\/Zdjecie-WhatsApp-2025-03-24-o-20.44.22_1b706c2e.jpg 1536w\" sizes=\"auto, (max-width: 225px) 100vw, 225px\" \/><\/a>\n\t\t\t<\/dt><\/dl><dl class='gallery-item'>\n\t\t\t<dt class='gallery-icon portrait'>\n\t\t\t\t<a href='https:\/\/podkarpacka.iarp.pl\/?attachment_id=7176'><img loading=\"lazy\" decoding=\"async\" width=\"225\" height=\"300\" src=\"https:\/\/podkarpacka.iarp.pl\/wp-content\/uploads\/2025\/03\/Zdjecie-WhatsApp-2025-03-24-o-20.44.22_5f2e8dd9-225x300.jpg\" class=\"attachment-medium size-medium\" alt=\"\" srcset=\"https:\/\/podkarpacka.iarp.pl\/wp-content\/uploads\/2025\/03\/Zdjecie-WhatsApp-2025-03-24-o-20.44.22_5f2e8dd9-225x300.jpg 225w, https:\/\/podkarpacka.iarp.pl\/wp-content\/uploads\/2025\/03\/Zdjecie-WhatsApp-2025-03-24-o-20.44.22_5f2e8dd9-768x1024.jpg 768w, https:\/\/podkarpacka.iarp.pl\/wp-content\/uploads\/2025\/03\/Zdjecie-WhatsApp-2025-03-24-o-20.44.22_5f2e8dd9-1152x1536.jpg 1152w, https:\/\/podkarpacka.iarp.pl\/wp-content\/uploads\/2025\/03\/Zdjecie-WhatsApp-2025-03-24-o-20.44.22_5f2e8dd9-600x800.jpg 600w, https:\/\/podkarpacka.iarp.pl\/wp-content\/uploads\/2025\/03\/Zdjecie-WhatsApp-2025-03-24-o-20.44.22_5f2e8dd9.jpg 1536w\" sizes=\"auto, (max-width: 225px) 100vw, 225px\" \/><\/a>\n\t\t\t<\/dt><\/dl><dl class='gallery-item'>\n\t\t\t<dt class='gallery-icon portrait'>\n\t\t\t\t<a href='https:\/\/podkarpacka.iarp.pl\/?attachment_id=7177'><img loading=\"lazy\" decoding=\"async\" width=\"225\" height=\"300\" src=\"https:\/\/podkarpacka.iarp.pl\/wp-content\/uploads\/2025\/03\/Zdjecie-WhatsApp-2025-03-24-o-20.44.22_9fb72742-225x300.jpg\" class=\"attachment-medium size-medium\" alt=\"\" srcset=\"https:\/\/podkarpacka.iarp.pl\/wp-content\/uploads\/2025\/03\/Zdjecie-WhatsApp-2025-03-24-o-20.44.22_9fb72742-225x300.jpg 225w, https:\/\/podkarpacka.iarp.pl\/wp-content\/uploads\/2025\/03\/Zdjecie-WhatsApp-2025-03-24-o-20.44.22_9fb72742-768x1024.jpg 768w, https:\/\/podkarpacka.iarp.pl\/wp-content\/uploads\/2025\/03\/Zdjecie-WhatsApp-2025-03-24-o-20.44.22_9fb72742-1152x1536.jpg 1152w, https:\/\/podkarpacka.iarp.pl\/wp-content\/uploads\/2025\/03\/Zdjecie-WhatsApp-2025-03-24-o-20.44.22_9fb72742-600x800.jpg 600w, https:\/\/podkarpacka.iarp.pl\/wp-content\/uploads\/2025\/03\/Zdjecie-WhatsApp-2025-03-24-o-20.44.22_9fb72742.jpg 1536w\" sizes=\"auto, (max-width: 225px) 100vw, 225px\" \/><\/a>\n\t\t\t<\/dt><\/dl><br style=\"clear: both\" \/><dl class='gallery-item'>\n\t\t\t<dt class='gallery-icon portrait'>\n\t\t\t\t<a href='https:\/\/podkarpacka.iarp.pl\/?attachment_id=7178'><img loading=\"lazy\" decoding=\"async\" width=\"225\" height=\"300\" src=\"https:\/\/podkarpacka.iarp.pl\/wp-content\/uploads\/2025\/03\/Zdjecie-WhatsApp-2025-03-24-o-20.44.22_a6e76b87-225x300.jpg\" class=\"attachment-medium size-medium\" alt=\"\" srcset=\"https:\/\/podkarpacka.iarp.pl\/wp-content\/uploads\/2025\/03\/Zdjecie-WhatsApp-2025-03-24-o-20.44.22_a6e76b87-225x300.jpg 225w, https:\/\/podkarpacka.iarp.pl\/wp-content\/uploads\/2025\/03\/Zdjecie-WhatsApp-2025-03-24-o-20.44.22_a6e76b87-768x1024.jpg 768w, https:\/\/podkarpacka.iarp.pl\/wp-content\/uploads\/2025\/03\/Zdjecie-WhatsApp-2025-03-24-o-20.44.22_a6e76b87-1152x1536.jpg 1152w, https:\/\/podkarpacka.iarp.pl\/wp-content\/uploads\/2025\/03\/Zdjecie-WhatsApp-2025-03-24-o-20.44.22_a6e76b87-600x800.jpg 600w, https:\/\/podkarpacka.iarp.pl\/wp-content\/uploads\/2025\/03\/Zdjecie-WhatsApp-2025-03-24-o-20.44.22_a6e76b87.jpg 1536w\" sizes=\"auto, (max-width: 225px) 100vw, 225px\" \/><\/a>\n\t\t\t<\/dt><\/dl><dl class='gallery-item'>\n\t\t\t<dt class='gallery-icon portrait'>\n\t\t\t\t<a href='https:\/\/podkarpacka.iarp.pl\/?attachment_id=7179'><img loading=\"lazy\" decoding=\"async\" width=\"225\" height=\"300\" src=\"https:\/\/podkarpacka.iarp.pl\/wp-content\/uploads\/2025\/03\/Zdjecie-WhatsApp-2025-03-24-o-20.44.22_ad341ba6-225x300.jpg\" class=\"attachment-medium size-medium\" alt=\"\" srcset=\"https:\/\/podkarpacka.iarp.pl\/wp-content\/uploads\/2025\/03\/Zdjecie-WhatsApp-2025-03-24-o-20.44.22_ad341ba6-225x300.jpg 225w, https:\/\/podkarpacka.iarp.pl\/wp-content\/uploads\/2025\/03\/Zdjecie-WhatsApp-2025-03-24-o-20.44.22_ad341ba6-768x1024.jpg 768w, https:\/\/podkarpacka.iarp.pl\/wp-content\/uploads\/2025\/03\/Zdjecie-WhatsApp-2025-03-24-o-20.44.22_ad341ba6-1152x1536.jpg 1152w, https:\/\/podkarpacka.iarp.pl\/wp-content\/uploads\/2025\/03\/Zdjecie-WhatsApp-2025-03-24-o-20.44.22_ad341ba6-600x800.jpg 600w, https:\/\/podkarpacka.iarp.pl\/wp-content\/uploads\/2025\/03\/Zdjecie-WhatsApp-2025-03-24-o-20.44.22_ad341ba6.jpg 1536w\" sizes=\"auto, (max-width: 225px) 100vw, 225px\" \/><\/a>\n\t\t\t<\/dt><\/dl>\n\t\t\t<br style='clear: both' \/>\n\t\t<\/div>\n\n","protected":false},"excerpt":{"rendered":"<p>Dnia 21 marca 2025 r. odby\u0142 si\u0119 XVIII Sprawozdawczy Zjazd Podkarpackiej Okr\u0119gowej Izby Architekt\u00f3w RP. Nasz zjazd swoj\u0105 obecno\u015bci\u0105 u\u015bwietnili zaproszeni go\u015bcie: Zast\u0119pca Prezydenta Miasta Rzeszowa Grzegorz Wrona, Prezes Krajowej Rady Izby Architekt\u00f3w RP kol. Piotr Fokczy\u0144ski, Prodziekan ds. Rozwoju Politechniki Rzeszowskiej dr hab. in\u017c. Piotr Nazarko oraz Prezes SARP Oddzia\u0142 Rzesz\u00f3w Wac\u0142aw Mat\u0142ok. Wszystkim [&hellip;]<\/p>\n","protected":false},"author":6,"featured_media":7164,"comment_status":"closed","ping_status":"open","sticky":false,"template":"","format":"standard","meta":{"footnotes":""},"categories":[55],"tags":[],"class_list":["post-7159","post","type-post","status-publish","format-standard","has-post-thumbnail","hentry","category-wydarzenia"],"publishpress_future_action":{"enabled":false,"date":"2026-05-05 13:56:14","action":"change-status","newStatus":"draft","terms":[],"taxonomy":"category","extraData":[]},"publishpress_future_workflow_manual_trigger":{"enabledWorkflows":[]},"_links":{"self":[{"href":"https:\/\/podkarpacka.iarp.pl\/index.php?rest_route=\/wp\/v2\/posts\/7159","targetHints":{"allow":["GET"]}}],"collection":[{"href":"https:\/\/podkarpacka.iarp.pl\/index.php?rest_route=\/wp\/v2\/posts"}],"about":[{"href":"https:\/\/podkarpacka.iarp.pl\/index.php?rest_route=\/wp\/v2\/types\/post"}],"author":[{"embeddable":true,"href":"https:\/\/podkarpacka.iarp.pl\/index.php?rest_route=\/wp\/v2\/users\/6"}],"replies":[{"embeddable":true,"href":"https:\/\/podkarpacka.iarp.pl\/index.php?rest_route=%2Fwp%2Fv2%2Fcomments&post=7159"}],"version-history":[{"count":1,"href":"https:\/\/podkarpacka.iarp.pl\/index.php?rest_route=\/wp\/v2\/posts\/7159\/revisions"}],"predecessor-version":[{"id":7180,"href":"https:\/\/podkarpacka.iarp.pl\/index.php?rest_route=\/wp\/v2\/posts\/7159\/revisions\/7180"}],"wp:featuredmedia":[{"embeddable":true,"href":"https:\/\/podkarpacka.iarp.pl\/index.php?rest_route=\/wp\/v2\/media\/7164"}],"wp:attachment":[{"href":"https:\/\/podkarpacka.iarp.pl\/index.php?rest_route=%2Fwp%2Fv2%2Fmedia&parent=7159"}],"wp:term":[{"taxonomy":"category","embeddable":true,"href":"https:\/\/podkarpacka.iarp.pl\/index.php?rest_route=%2Fwp%2Fv2%2Fcategories&post=7159"},{"taxonomy":"post_tag","embeddable":true,"href":"https:\/\/podkarpacka.iarp.pl\/index.php?rest_route=%2Fwp%2Fv2%2Ftags&post=7159"}],"curies":[{"name":"wp","href":"https:\/\/api.w.org\/{rel}","templated":true}]}}