{"id":7188,"date":"2025-04-02T18:07:36","date_gmt":"2025-04-02T16:07:36","guid":{"rendered":"https:\/\/podkarpacka.iarp.pl\/?p=7188"},"modified":"2025-04-02T18:07:36","modified_gmt":"2025-04-02T16:07:36","slug":"agenda-konferencji-samorzad-terytorialny-i-zawodowy-pola-wspolpracy-lublin-2025-obrazek-wyrozniajacy-moze-byc-taki-jak-wczesniej","status":"publish","type":"post","link":"https:\/\/podkarpacka.iarp.pl\/?p=7188","title":{"rendered":"Agenda Konferencji \u201eSamorz\u0105d Terytorialny i Zawodowy \u2013 Pola wsp\u00f3\u0142pracy\u201d Lublin 2025 obrazek wyr\u00f3\u017cniaj\u0105cy mo\u017ce by\u0107 taki jak wcze\u015bniej"},"content":{"rendered":"<p><a href=\"https:\/\/podkarpacka.iarp.pl\/wp-content\/uploads\/2025\/04\/3OIA-Plakat-agenda-\u2013-Dzien-1-Wersja-1.8.png\"><img loading=\"lazy\" decoding=\"async\" class=\"aligncenter size-large wp-image-7189\" src=\"https:\/\/podkarpacka.iarp.pl\/wp-content\/uploads\/2025\/04\/3OIA-Plakat-agenda-\u2013-Dzien-1-Wersja-1.8-724x1024.png\" alt=\"\" width=\"724\" height=\"1024\" srcset=\"https:\/\/podkarpacka.iarp.pl\/wp-content\/uploads\/2025\/04\/3OIA-Plakat-agenda-\u2013-Dzien-1-Wersja-1.8-724x1024.png 724w, https:\/\/podkarpacka.iarp.pl\/wp-content\/uploads\/2025\/04\/3OIA-Plakat-agenda-\u2013-Dzien-1-Wersja-1.8-212x300.png 212w, https:\/\/podkarpacka.iarp.pl\/wp-content\/uploads\/2025\/04\/3OIA-Plakat-agenda-\u2013-Dzien-1-Wersja-1.8-768x1086.png 768w, https:\/\/podkarpacka.iarp.pl\/wp-content\/uploads\/2025\/04\/3OIA-Plakat-agenda-\u2013-Dzien-1-Wersja-1.8-1086x1536.png 1086w, https:\/\/podkarpacka.iarp.pl\/wp-content\/uploads\/2025\/04\/3OIA-Plakat-agenda-\u2013-Dzien-1-Wersja-1.8-1448x2048.png 1448w\" sizes=\"auto, (max-width: 724px) 100vw, 724px\" \/><\/a><\/p>\n<p>&nbsp;<\/p>\n<p><a href=\"https:\/\/podkarpacka.iarp.pl\/wp-content\/uploads\/2025\/04\/3OIA-Plakat-agenda-\u2013-Dzien-2-Wersja-1.8.png\"><img loading=\"lazy\" decoding=\"async\" class=\"aligncenter size-large wp-image-7190\" src=\"https:\/\/podkarpacka.iarp.pl\/wp-content\/uploads\/2025\/04\/3OIA-Plakat-agenda-\u2013-Dzien-2-Wersja-1.8-724x1024.png\" alt=\"\" width=\"724\" height=\"1024\" srcset=\"https:\/\/podkarpacka.iarp.pl\/wp-content\/uploads\/2025\/04\/3OIA-Plakat-agenda-\u2013-Dzien-2-Wersja-1.8-724x1024.png 724w, https:\/\/podkarpacka.iarp.pl\/wp-content\/uploads\/2025\/04\/3OIA-Plakat-agenda-\u2013-Dzien-2-Wersja-1.8-212x300.png 212w, https:\/\/podkarpacka.iarp.pl\/wp-content\/uploads\/2025\/04\/3OIA-Plakat-agenda-\u2013-Dzien-2-Wersja-1.8-768x1086.png 768w, https:\/\/podkarpacka.iarp.pl\/wp-content\/uploads\/2025\/04\/3OIA-Plakat-agenda-\u2013-Dzien-2-Wersja-1.8-1086x1536.png 1086w, https:\/\/podkarpacka.iarp.pl\/wp-content\/uploads\/2025\/04\/3OIA-Plakat-agenda-\u2013-Dzien-2-Wersja-1.8-1448x2048.png 1448w\" sizes=\"auto, (max-width: 724px) 100vw, 724px\" \/><\/a><\/p>\n","protected":false},"excerpt":{"rendered":"<p>&nbsp;<\/p>\n","protected":false},"author":6,"featured_media":4549,"comment_status":"closed","ping_status":"open","sticky":false,"template":"","format":"standard","meta":{"footnotes":""},"categories":[55],"tags":[],"class_list":["post-7188","post","type-post","status-publish","format-standard","has-post-thumbnail","hentry","category-wydarzenia"],"publishpress_future_action":{"enabled":false,"date":"2026-05-05 13:56:13","action":"change-status","newStatus":"draft","terms":[],"taxonomy":"category","extraData":[]},"publishpress_future_workflow_manual_trigger":{"enabledWorkflows":[]},"_links":{"self":[{"href":"https:\/\/podkarpacka.iarp.pl\/index.php?rest_route=\/wp\/v2\/posts\/7188","targetHints":{"allow":["GET"]}}],"collection":[{"href":"https:\/\/podkarpacka.iarp.pl\/index.php?rest_route=\/wp\/v2\/posts"}],"about":[{"href":"https:\/\/podkarpacka.iarp.pl\/index.php?rest_route=\/wp\/v2\/types\/post"}],"author":[{"embeddable":true,"href":"https:\/\/podkarpacka.iarp.pl\/index.php?rest_route=\/wp\/v2\/users\/6"}],"replies":[{"embeddable":true,"href":"https:\/\/podkarpacka.iarp.pl\/index.php?rest_route=%2Fwp%2Fv2%2Fcomments&post=7188"}],"version-history":[{"count":1,"href":"https:\/\/podkarpacka.iarp.pl\/index.php?rest_route=\/wp\/v2\/posts\/7188\/revisions"}],"predecessor-version":[{"id":7191,"href":"https:\/\/podkarpacka.iarp.pl\/index.php?rest_route=\/wp\/v2\/posts\/7188\/revisions\/7191"}],"wp:featuredmedia":[{"embeddable":true,"href":"https:\/\/podkarpacka.iarp.pl\/index.php?rest_route=\/wp\/v2\/media\/4549"}],"wp:attachment":[{"href":"https:\/\/podkarpacka.iarp.pl\/index.php?rest_route=%2Fwp%2Fv2%2Fmedia&parent=7188"}],"wp:term":[{"taxonomy":"category","embeddable":true,"href":"https:\/\/podkarpacka.iarp.pl\/index.php?rest_route=%2Fwp%2Fv2%2Fcategories&post=7188"},{"taxonomy":"post_tag","embeddable":true,"href":"https:\/\/podkarpacka.iarp.pl\/index.php?rest_route=%2Fwp%2Fv2%2Ftags&post=7188"}],"curies":[{"name":"wp","href":"https:\/\/api.w.org\/{rel}","templated":true}]}}