{"id":7193,"date":"2025-04-08T23:22:28","date_gmt":"2025-04-08T21:22:28","guid":{"rendered":"https:\/\/podkarpacka.iarp.pl\/?p=7193"},"modified":"2025-04-08T23:22:28","modified_gmt":"2025-04-08T21:22:28","slug":"uchwaly-zjazdowe-xviii-sprawozdawczego-okregowego-zjazdu-podkarpackiej-okregowej-izby-architektow-rp-z-dnia-21-marca-2025-roku","status":"publish","type":"post","link":"https:\/\/podkarpacka.iarp.pl\/?p=7193","title":{"rendered":"Uchwa\u0142y zjazdowe \u2013 XVIII Sprawozdawczego Okr\u0119gowego Zjazdu Podkarpackiej Okr\u0119gowej Izby Architekt\u00f3w RP z dnia 21 marca 2025 roku"},"content":{"rendered":"<p>Uchwa\u0142y zjazdowe \u2013 XVIII Sprawozdawczego Okr\u0119gowego Zjazdu Podkarpackiej Okr\u0119gowej Izby Architekt\u00f3w RP z dnia 21 marca 2025 roku:<\/p>\n<p>\u2013\u00a0<strong>Uchwa\u0142a nr 1<\/strong>\u00a0w sprawie zatwierdzenia sprawozdania z dzia\u0142alno\u015bci: Okr\u0119gowej Rady PKOIA RP za okres od 1.03.2024 r. do 28.02.2025 r.<\/p>\n<p>G\u0142osowa\u0142o ZA -38, PRZECIW \u2013 1, WSTRZYMA\u0141O SI\u0118 \u2013 2<\/p>\n<p>\u2013\u00a0<strong>Uchwa\u0142a nr 2<\/strong>\u00a0w sprawie udzielenia absolutorium Podkarpackiej Okr\u0119gowej Radzie Izby Architekt\u00f3w RP za okres za okres od 1.03.2024 r. do 28.02.2025 r.<\/p>\n<p>G\u0142osowa\u0142o ZA -39, PRZECIW \u2013 1, WSTRZYMA\u0141O SI\u0118 \u2013 1<\/p>\n<p>\u2013\u00a0<strong>Uchwa\u0142a nr 3<\/strong>\u00a0w sprawie zatwierdzenia sprawozdania z dzia\u0142alno\u015bci: Okr\u0119gowej Komisji Kwalifikacyjnej PKOIA RP za okres od 1.03.2024 r. do 28.02.2025 r.<\/p>\n<p>G\u0142osowa\u0142o ZA -40, PRZECIW \u2013 0, WSTRZYMA\u0141O SI\u0118 \u2013 1<\/p>\n<p>\u2013\u00a0<strong>Uchwa\u0142a nr 4<\/strong>\u00a0w sprawie zatwierdzenia sprawozdania z dzia\u0142alno\u015bci: Okr\u0119gowego Rzecznika Odpowiedzialno\u015bci Zawodowej PKOIA RP za okres od 1.03.2024 r. do 28.02.2025 r.<\/p>\n<p>G\u0142osowa\u0142o ZA -39, PRZECIW \u2013 0, WSTRZYMA\u0141O SI\u0118 \u2013 2<\/p>\n<p>\u2013\u00a0<strong>Uchwa\u0142a nr 5<\/strong>\u00a0w sprawie zatwierdzenia sprawozdania z dzia\u0142alno\u015bci: Okr\u0119gowego S\u0105du Dyscyplinarnego PKOIA RP za okres od 1.03.2024 r. do 28.02.2025 r.<\/p>\n<p>G\u0142osowa\u0142o ZA -40, PRZECIW \u2013 0, WSTRZYMA\u0141O SI\u0118 \u2013 1<\/p>\n<p>\u2013\u00a0<strong>Uchwa\u0142a nr 6<\/strong>\u00a0w sprawie zatwierdzenia sprawozdania z dzia\u0142alno\u015bci: Okr\u0119gowej Komisji Rewizyjnej PKOIA RP za okres od 1.03.2024 r. do 28.02.2025 r.<\/p>\n<p>G\u0142osowa\u0142o ZA -40, PRZECIW \u2013 1, WSTRZYMA\u0141O SI\u0118 \u2013 0<\/p>\n<p>\u2013\u00a0<strong>Uchwa\u0142a nr 7<\/strong>\u00a0w sprawie zatwierdzenia sprawozdania finansowego Podkarpackiej Okr\u0119gowej Izby Architekt\u00f3w RP za rok 2024<\/p>\n<p>G\u0142osowa\u0142o ZA -40, PRZECIW \u2013 0, WSTRZYMA\u0141O SI\u0118 \u2013 1<\/p>\n<p>\u2013\u00a0<strong>Uchwa\u0142a nr 8<\/strong>\u00a0w przedmiocie przyj\u0119cia preliminarza bud\u017cetowego Podkarpackiej Okr\u0119gowej Izby Architekt\u00f3w RP na rok 2025<\/p>\n<p>G\u0142osowa\u0142o ZA -43, PRZECIW \u2013 0, WSTRZYMA\u0141O SI\u0118 \u2013 1<\/p>\n<p>\u2013\u00a0<strong>Uchwa\u0142a nr 9<\/strong>\u00a0w sprawie podzia\u0142u dodatniego wyniku finansowego (zysku) za rok 2024 w kwocie 54\u00a0714, 16 z\u0142 oraz nierozliczonego wyniku finansowego (zysku) z lat ubieg\u0142ych w kwocie 70\u00a0000,00 z\u0142<\/p>\n<p>G\u0142osowa\u0142o ZA -40, PRZECIW \u2013 0, WSTRZYMA\u0141O SI\u0118 \u2013 1<\/p>\n<p>\u2013\u00a0<strong>Uchwa\u0142a nr 9<\/strong>\u00a0w sprawie podzia\u0142u dodatniego wyniku finansowego (zysku) za rok 2024 w kwocie 54\u00a0714, 16 z\u0142 oraz nierozliczonego wyniku finansowego (zysku) z lat ubieg\u0142ych w kwocie 70\u00a0000,00 z\u0142<\/p>\n<p>G\u0142osowa\u0142o ZA -40, PRZECIW \u2013 0, WSTRZYMA\u0141O SI\u0118 \u2013 1<\/p>\n<p>\u2013\u00a0<strong>Uchwa\u0142a nr 10<\/strong>\u00a0 w przedmiocie zmiany uchwa\u0142y Krajowej Izby IARP Nr-0-01-V-2022 z dnia 02 lutego 2022 r.<\/p>\n<p>G\u0142osowa\u0142o ZA -34, PRZECIW \u2013 0, WSTRZYMA\u0141O SI\u0118 \u2013 3<\/p>\n<p>\u2013\u00a0<strong>Uchwa\u0142a nr 11<\/strong> w przedmiocie powo\u0142ania zespo\u0142u do opracowania publikacji \u201ePodkarpackiego przegl\u0105du architektury\u201d<\/p>\n<p>G\u0142osowa\u0142o ZA -24, PRZECIW \u2013 5, WSTRZYMA\u0141O SI\u0118 \u2013 7<\/p>\n<p>\u2013\u00a0<strong>Uchwa\u0142a nr 12 <\/strong><strong>w przedmiocie ustalenia planu wsp\u00f3\u0142pracy Rady z w\u0142adzami samorz\u0105dowymi<\/strong><\/p>\n<p>G\u0142osowa\u0142o ZA -30, PRZECIW \u2013 2, WSTRZYMA\u0141O SI\u0118 \u2013 5<\/p>\n<p>Tre\u015b\u0107 uchwa\u0142 zosta\u0142a opublikowana w za\u0142\u0105czeniu do postu w postaci zbiorczego pliku pdf.<\/p>\n<p>&nbsp;<\/p>\n<div class='w3eden'><!-- WPDM Link Template: Default Template -->\n\n<div class=\"link-template-default card mb-2\">\n    <div class=\"card-body\">\n        <div class=\"media\">\n            <div class=\"mr-3 img-48\"><img decoding=\"async\" class=\"wpdm_icon\" alt=\"Ikonka\" src=\"https:\/\/podkarpacka.iarp.pl\/wp-content\/plugins\/download-manager\/assets\/file-type-icons\/pdf.svg\" \/><\/div>\n            <div class=\"media-body\">\n                <h3 class=\"package-title\"><a href='https:\/\/podkarpacka.iarp.pl\/?wpdmpro=uchwaly-zjazdowe-xviii-sprawozdawczego-okregowego-zjazdu-podkarpackiej-okregowej-izby-architektow-rp-z-dnia-21-marca-2025-roku'>Uchwa\u0142y zjazdowe \u2013 XVIII Sprawozdawczego Okr\u0119gowego Zjazdu Podkarpackiej Okr\u0119gowej Izby Architekt\u00f3w RP z dnia 21 marca 2025 roku<\/a><\/h3>\n                <div class=\"text-muted text-small\"><i class=\"fas fa-copy\"><\/i> 1 plik(i) <i class=\"fas fa-hdd ml-3\"><\/i> 2.41 MB<\/div>\n            <\/div>\n            <div class=\"ml-3\">\n                <a class='wpdm-download-link download-on-click btn btn-primary ' rel='nofollow' href='#' data-downloadurl=\"https:\/\/podkarpacka.iarp.pl\/?wpdmpro=uchwaly-zjazdowe-xviii-sprawozdawczego-okregowego-zjazdu-podkarpackiej-okregowej-izby-architektow-rp-z-dnia-21-marca-2025-roku&wpdmdl=7195&refresh=69f3e154d27321777590612\">Pobierz<\/a>\n            <\/div>\n        <\/div>\n    <\/div>\n<\/div>\n\n<\/div>\n","protected":false},"excerpt":{"rendered":"<p>Uchwa\u0142y zjazdowe \u2013 XVIII Sprawozdawczego Okr\u0119gowego Zjazdu Podkarpackiej Okr\u0119gowej Izby Architekt\u00f3w RP z dnia 21 marca 2025 roku: \u2013\u00a0Uchwa\u0142a nr 1\u00a0w sprawie zatwierdzenia sprawozdania z dzia\u0142alno\u015bci: Okr\u0119gowej Rady PKOIA RP za okres od 1.03.2024 r. do 28.02.2025 r. G\u0142osowa\u0142o ZA -38, PRZECIW \u2013 1, WSTRZYMA\u0141O SI\u0118 \u2013 2 \u2013\u00a0Uchwa\u0142a nr 2\u00a0w sprawie udzielenia absolutorium Podkarpackiej [&hellip;]<\/p>\n","protected":false},"author":6,"featured_media":4549,"comment_status":"closed","ping_status":"open","sticky":false,"template":"","format":"standard","meta":{"footnotes":""},"categories":[56],"tags":[],"class_list":["post-7193","post","type-post","status-publish","format-standard","has-post-thumbnail","hentry","category-informacje-rady"],"publishpress_future_action":{"enabled":false,"date":"2026-05-08 00:10:12","action":"change-status","newStatus":"draft","terms":[],"taxonomy":"category","extraData":[]},"publishpress_future_workflow_manual_trigger":{"enabledWorkflows":[]},"_links":{"self":[{"href":"https:\/\/podkarpacka.iarp.pl\/index.php?rest_route=\/wp\/v2\/posts\/7193","targetHints":{"allow":["GET"]}}],"collection":[{"href":"https:\/\/podkarpacka.iarp.pl\/index.php?rest_route=\/wp\/v2\/posts"}],"about":[{"href":"https:\/\/podkarpacka.iarp.pl\/index.php?rest_route=\/wp\/v2\/types\/post"}],"author":[{"embeddable":true,"href":"https:\/\/podkarpacka.iarp.pl\/index.php?rest_route=\/wp\/v2\/users\/6"}],"replies":[{"embeddable":true,"href":"https:\/\/podkarpacka.iarp.pl\/index.php?rest_route=%2Fwp%2Fv2%2Fcomments&post=7193"}],"version-history":[{"count":1,"href":"https:\/\/podkarpacka.iarp.pl\/index.php?rest_route=\/wp\/v2\/posts\/7193\/revisions"}],"predecessor-version":[{"id":7197,"href":"https:\/\/podkarpacka.iarp.pl\/index.php?rest_route=\/wp\/v2\/posts\/7193\/revisions\/7197"}],"wp:featuredmedia":[{"embeddable":true,"href":"https:\/\/podkarpacka.iarp.pl\/index.php?rest_route=\/wp\/v2\/media\/4549"}],"wp:attachment":[{"href":"https:\/\/podkarpacka.iarp.pl\/index.php?rest_route=%2Fwp%2Fv2%2Fmedia&parent=7193"}],"wp:term":[{"taxonomy":"category","embeddable":true,"href":"https:\/\/podkarpacka.iarp.pl\/index.php?rest_route=%2Fwp%2Fv2%2Fcategories&post=7193"},{"taxonomy":"post_tag","embeddable":true,"href":"https:\/\/podkarpacka.iarp.pl\/index.php?rest_route=%2Fwp%2Fv2%2Ftags&post=7193"}],"curies":[{"name":"wp","href":"https:\/\/api.w.org\/{rel}","templated":true}]}}