{"id":7199,"date":"2025-04-18T07:45:14","date_gmt":"2025-04-18T05:45:14","guid":{"rendered":"https:\/\/podkarpacka.iarp.pl\/?p=7199"},"modified":"2025-04-18T07:45:14","modified_gmt":"2025-04-18T05:45:14","slug":"zyczenia-z-okazji-swiat-wielkanocnych-4","status":"publish","type":"post","link":"https:\/\/podkarpacka.iarp.pl\/?p=7199","title":{"rendered":"\u017byczenia z okazji \u015awi\u0105t Wielkanocnych"},"content":{"rendered":"<p><a href=\"https:\/\/podkarpacka.iarp.pl\/wp-content\/uploads\/2025\/04\/Kartka-Wielkanoc-PKOIA-2025.png\"><img loading=\"lazy\" decoding=\"async\" class=\"aligncenter size-large wp-image-7200\" src=\"https:\/\/podkarpacka.iarp.pl\/wp-content\/uploads\/2025\/04\/Kartka-Wielkanoc-PKOIA-2025-1024x579.png\" alt=\"\" width=\"770\" height=\"435\" srcset=\"https:\/\/podkarpacka.iarp.pl\/wp-content\/uploads\/2025\/04\/Kartka-Wielkanoc-PKOIA-2025-1024x579.png 1024w, https:\/\/podkarpacka.iarp.pl\/wp-content\/uploads\/2025\/04\/Kartka-Wielkanoc-PKOIA-2025-300x170.png 300w, https:\/\/podkarpacka.iarp.pl\/wp-content\/uploads\/2025\/04\/Kartka-Wielkanoc-PKOIA-2025-768x434.png 768w, https:\/\/podkarpacka.iarp.pl\/wp-content\/uploads\/2025\/04\/Kartka-Wielkanoc-PKOIA-2025-600x339.png 600w, https:\/\/podkarpacka.iarp.pl\/wp-content\/uploads\/2025\/04\/Kartka-Wielkanoc-PKOIA-2025.png 1472w\" sizes=\"auto, (max-width: 770px) 100vw, 770px\" \/><\/a><\/p>\n","protected":false},"excerpt":{"rendered":"","protected":false},"author":6,"featured_media":7200,"comment_status":"closed","ping_status":"open","sticky":false,"template":"","format":"standard","meta":{"footnotes":""},"categories":[56],"tags":[],"class_list":["post-7199","post","type-post","status-publish","format-standard","has-post-thumbnail","hentry","category-informacje-rady"],"publishpress_future_action":{"enabled":false,"date":"2026-05-08 00:11:16","action":"change-status","newStatus":"draft","terms":[],"taxonomy":"category","extraData":[]},"publishpress_future_workflow_manual_trigger":{"enabledWorkflows":[]},"_links":{"self":[{"href":"https:\/\/podkarpacka.iarp.pl\/index.php?rest_route=\/wp\/v2\/posts\/7199","targetHints":{"allow":["GET"]}}],"collection":[{"href":"https:\/\/podkarpacka.iarp.pl\/index.php?rest_route=\/wp\/v2\/posts"}],"about":[{"href":"https:\/\/podkarpacka.iarp.pl\/index.php?rest_route=\/wp\/v2\/types\/post"}],"author":[{"embeddable":true,"href":"https:\/\/podkarpacka.iarp.pl\/index.php?rest_route=\/wp\/v2\/users\/6"}],"replies":[{"embeddable":true,"href":"https:\/\/podkarpacka.iarp.pl\/index.php?rest_route=%2Fwp%2Fv2%2Fcomments&post=7199"}],"version-history":[{"count":1,"href":"https:\/\/podkarpacka.iarp.pl\/index.php?rest_route=\/wp\/v2\/posts\/7199\/revisions"}],"predecessor-version":[{"id":7201,"href":"https:\/\/podkarpacka.iarp.pl\/index.php?rest_route=\/wp\/v2\/posts\/7199\/revisions\/7201"}],"wp:featuredmedia":[{"embeddable":true,"href":"https:\/\/podkarpacka.iarp.pl\/index.php?rest_route=\/wp\/v2\/media\/7200"}],"wp:attachment":[{"href":"https:\/\/podkarpacka.iarp.pl\/index.php?rest_route=%2Fwp%2Fv2%2Fmedia&parent=7199"}],"wp:term":[{"taxonomy":"category","embeddable":true,"href":"https:\/\/podkarpacka.iarp.pl\/index.php?rest_route=%2Fwp%2Fv2%2Fcategories&post=7199"},{"taxonomy":"post_tag","embeddable":true,"href":"https:\/\/podkarpacka.iarp.pl\/index.php?rest_route=%2Fwp%2Fv2%2Ftags&post=7199"}],"curies":[{"name":"wp","href":"https:\/\/api.w.org\/{rel}","templated":true}]}}