{"id":7202,"date":"2025-04-22T07:46:59","date_gmt":"2025-04-22T05:46:59","guid":{"rendered":"https:\/\/podkarpacka.iarp.pl\/?p=7202"},"modified":"2025-04-22T07:46:59","modified_gmt":"2025-04-22T05:46:59","slug":"szkolenie-w-ogniu-przepisow-29-04-2025","status":"publish","type":"post","link":"https:\/\/podkarpacka.iarp.pl\/?p=7202","title":{"rendered":"Szkolenie &#8220;W ogniu przepis\u00f3w&#8221; &#8211; 29.04.2025"},"content":{"rendered":"<p>Kole\u017canki i Koledzy<\/p>\n<p>W dniu 29.04.2025 o godzinie 14:00 zapraszamy na szkolenie &#8220;W ogniu przepis\u00f3w&#8221;.<br \/>\nPrelegentem tradycyjnie ju\u017c b\u0119dzie Pan Lucjan G\u0142adysz, w trakcie szkolenia przewidziany b\u0119dzie osobny blok Q&amp;A.<br \/>\nZach\u0119cam do przygotowania pyta\u0144.<br \/>\nZapisy na szkolenie zostan\u0105 uruchomione oko\u0142o 22.04.2025<\/p>\n","protected":false},"excerpt":{"rendered":"<p>Kole\u017canki i Koledzy W dniu 29.04.2025 o godzinie 14:00 zapraszamy na szkolenie &#8220;W ogniu przepis\u00f3w&#8221;. Prelegentem tradycyjnie ju\u017c b\u0119dzie Pan Lucjan G\u0142adysz, w trakcie szkolenia przewidziany b\u0119dzie osobny blok Q&amp;A. Zach\u0119cam do przygotowania pyta\u0144. Zapisy na szkolenie zostan\u0105 uruchomione oko\u0142o 22.04.2025<\/p>\n","protected":false},"author":6,"featured_media":4549,"comment_status":"closed","ping_status":"open","sticky":false,"template":"","format":"standard","meta":{"footnotes":""},"categories":[57],"tags":[],"class_list":["post-7202","post","type-post","status-publish","format-standard","has-post-thumbnail","hentry","category-szkolenia"],"publishpress_future_action":{"enabled":false,"date":"2026-05-04 22:47:22","action":"change-status","newStatus":"draft","terms":[],"taxonomy":"category","extraData":[]},"publishpress_future_workflow_manual_trigger":{"enabledWorkflows":[]},"_links":{"self":[{"href":"https:\/\/podkarpacka.iarp.pl\/index.php?rest_route=\/wp\/v2\/posts\/7202","targetHints":{"allow":["GET"]}}],"collection":[{"href":"https:\/\/podkarpacka.iarp.pl\/index.php?rest_route=\/wp\/v2\/posts"}],"about":[{"href":"https:\/\/podkarpacka.iarp.pl\/index.php?rest_route=\/wp\/v2\/types\/post"}],"author":[{"embeddable":true,"href":"https:\/\/podkarpacka.iarp.pl\/index.php?rest_route=\/wp\/v2\/users\/6"}],"replies":[{"embeddable":true,"href":"https:\/\/podkarpacka.iarp.pl\/index.php?rest_route=%2Fwp%2Fv2%2Fcomments&post=7202"}],"version-history":[{"count":1,"href":"https:\/\/podkarpacka.iarp.pl\/index.php?rest_route=\/wp\/v2\/posts\/7202\/revisions"}],"predecessor-version":[{"id":7203,"href":"https:\/\/podkarpacka.iarp.pl\/index.php?rest_route=\/wp\/v2\/posts\/7202\/revisions\/7203"}],"wp:featuredmedia":[{"embeddable":true,"href":"https:\/\/podkarpacka.iarp.pl\/index.php?rest_route=\/wp\/v2\/media\/4549"}],"wp:attachment":[{"href":"https:\/\/podkarpacka.iarp.pl\/index.php?rest_route=%2Fwp%2Fv2%2Fmedia&parent=7202"}],"wp:term":[{"taxonomy":"category","embeddable":true,"href":"https:\/\/podkarpacka.iarp.pl\/index.php?rest_route=%2Fwp%2Fv2%2Fcategories&post=7202"},{"taxonomy":"post_tag","embeddable":true,"href":"https:\/\/podkarpacka.iarp.pl\/index.php?rest_route=%2Fwp%2Fv2%2Ftags&post=7202"}],"curies":[{"name":"wp","href":"https:\/\/api.w.org\/{rel}","templated":true}]}}