{"id":7212,"date":"2025-05-24T11:52:23","date_gmt":"2025-05-24T09:52:23","guid":{"rendered":"https:\/\/podkarpacka.iarp.pl\/?p=7212"},"modified":"2025-05-24T11:52:23","modified_gmt":"2025-05-24T09:52:23","slug":"stworzmy-razem-katalog-ppa","status":"publish","type":"post","link":"https:\/\/podkarpacka.iarp.pl\/?p=7212","title":{"rendered":"Stw\u00f3rzmy razem Katalog PPA!"},"content":{"rendered":"<div>Stw\u00f3rzmy razem Katalog PPA!<\/p>\n<p>Podczas ostatniego posiedzenia Rady PKOIA RP zosta\u0142 powo\u0142any zesp\u00f3\u0142, kt\u00f3ry b\u0119dzie pracowa\u0142 nad wyj\u0105tkow\u0105 publikacj\u0105 \u2013 Katalogiem Podkarpackiego Przegl\u0105du Architektury, w sk\u0142adzie:<\/p>\n<p>kol. Bart\u0142omiej Piotrowski<br \/>\nkol. Grzegorz Ruszel<br \/>\nkol. Renata \u015awi\u0119ci\u0144ska<br \/>\nkol. Zbigniew \u015awi\u0119ci\u0144ski<br \/>\nkol. Maciej Torba<\/p>\n<p><img decoding=\"async\" class=\"an1\" draggable=\"false\" src=\"https:\/\/fonts.gstatic.com\/s\/e\/notoemoji\/16.0\/1f534\/32.png\" alt=\"\ud83d\udd34\" data-emoji=\"\ud83d\udd34\" aria-label=\"\ud83d\udd34\" \/>\u00a0Dobra wiadomo\u015b\u0107! Katalog obejmie nie tylko projekty prezentowane do 2022 roku, ale r\u00f3wnie\u017c realizacje nowsze \u2013 aktualne, \u015bwie\u017ce, inspiruj\u0105ce!<br \/>\n<img decoding=\"async\" class=\"an1\" draggable=\"false\" src=\"https:\/\/fonts.gstatic.com\/s\/e\/notoemoji\/16.0\/1f534\/32.png\" alt=\"\ud83d\udd34\" data-emoji=\"\ud83d\udd34\" aria-label=\"\ud83d\udd34\" \/>\u00a0Zapraszamy wszystkich cz\u0142onk\u00f3w PKOIA RP do przesy\u0142ania swoich projekt\u00f3w!<br \/>\n<img decoding=\"async\" class=\"an1\" draggable=\"false\" src=\"https:\/\/fonts.gstatic.com\/s\/e\/notoemoji\/16.0\/1f534\/32.png\" alt=\"\ud83d\udd34\" data-emoji=\"\ud83d\udd34\" aria-label=\"\ud83d\udd34\" \/>To doskona\u0142a okazja, by pokaza\u0107 swoj\u0105 tw\u00f3rczo\u015b\u0107 szerokiemu gronu odbiorc\u00f3w i wsp\u00f3\u0142tworzy\u0107 publikacj\u0119, kt\u00f3ra b\u0119dzie wizyt\u00f3wk\u0105 podkarpackiej architektury.<\/p>\n<p><img decoding=\"async\" class=\"an1\" draggable=\"false\" src=\"https:\/\/fonts.gstatic.com\/s\/e\/notoemoji\/16.0\/1f534\/32.png\" alt=\"\ud83d\udd34\" data-emoji=\"\ud83d\udd34\" aria-label=\"\ud83d\udd34\" \/>\u00a0Szczeg\u00f3\u0142owe wytyczne dotycz\u0105ce przygotowania materia\u0142\u00f3w opublikujemy wkr\u00f3tce \u2013 ale ju\u017c teraz warto przejrze\u0107 swoje portfolio i wybra\u0107 to, co najlepsze!<\/p>\n<p><img decoding=\"async\" class=\"an1\" draggable=\"false\" src=\"https:\/\/fonts.gstatic.com\/s\/e\/notoemoji\/16.0\/1f534\/32.png\" alt=\"\ud83d\udd34\" data-emoji=\"\ud83d\udd34\" aria-label=\"\ud83d\udd34\" \/>\u00a0Do\u0142\u0105cz do nas i poka\u017c, jak wygl\u0105da architektura z Podkarpacia \u2013 dzi\u015b i jutro!\u00a0<img decoding=\"async\" class=\"an1\" draggable=\"false\" src=\"https:\/\/fonts.gstatic.com\/s\/e\/notoemoji\/16.0\/1f534\/32.png\" alt=\"\ud83d\udd34\" data-emoji=\"\ud83d\udd34\" aria-label=\"\ud83d\udd34\" \/><\/div>\n<div><\/div>\n","protected":false},"excerpt":{"rendered":"<p>Stw\u00f3rzmy razem Katalog PPA! Podczas ostatniego posiedzenia Rady PKOIA RP zosta\u0142 powo\u0142any zesp\u00f3\u0142, kt\u00f3ry b\u0119dzie pracowa\u0142 nad wyj\u0105tkow\u0105 publikacj\u0105 \u2013 Katalogiem Podkarpackiego Przegl\u0105du Architektury, w sk\u0142adzie: kol. Bart\u0142omiej Piotrowski kol. Grzegorz Ruszel kol. Renata \u015awi\u0119ci\u0144ska kol. Zbigniew \u015awi\u0119ci\u0144ski kol. Maciej Torba \u00a0Dobra wiadomo\u015b\u0107! Katalog obejmie nie tylko projekty prezentowane do 2022 roku, ale r\u00f3wnie\u017c realizacje [&hellip;]<\/p>\n","protected":false},"author":6,"featured_media":7213,"comment_status":"closed","ping_status":"open","sticky":false,"template":"","format":"standard","meta":{"footnotes":""},"categories":[69],"tags":[],"class_list":["post-7212","post","type-post","status-publish","format-standard","has-post-thumbnail","hentry","category-aktualnosci"],"publishpress_future_action":{"enabled":false,"date":"2026-05-08 00:25:32","action":"change-status","newStatus":"draft","terms":[],"taxonomy":"category","extraData":[]},"publishpress_future_workflow_manual_trigger":{"enabledWorkflows":[]},"_links":{"self":[{"href":"https:\/\/podkarpacka.iarp.pl\/index.php?rest_route=\/wp\/v2\/posts\/7212","targetHints":{"allow":["GET"]}}],"collection":[{"href":"https:\/\/podkarpacka.iarp.pl\/index.php?rest_route=\/wp\/v2\/posts"}],"about":[{"href":"https:\/\/podkarpacka.iarp.pl\/index.php?rest_route=\/wp\/v2\/types\/post"}],"author":[{"embeddable":true,"href":"https:\/\/podkarpacka.iarp.pl\/index.php?rest_route=\/wp\/v2\/users\/6"}],"replies":[{"embeddable":true,"href":"https:\/\/podkarpacka.iarp.pl\/index.php?rest_route=%2Fwp%2Fv2%2Fcomments&post=7212"}],"version-history":[{"count":1,"href":"https:\/\/podkarpacka.iarp.pl\/index.php?rest_route=\/wp\/v2\/posts\/7212\/revisions"}],"predecessor-version":[{"id":7214,"href":"https:\/\/podkarpacka.iarp.pl\/index.php?rest_route=\/wp\/v2\/posts\/7212\/revisions\/7214"}],"wp:featuredmedia":[{"embeddable":true,"href":"https:\/\/podkarpacka.iarp.pl\/index.php?rest_route=\/wp\/v2\/media\/7213"}],"wp:attachment":[{"href":"https:\/\/podkarpacka.iarp.pl\/index.php?rest_route=%2Fwp%2Fv2%2Fmedia&parent=7212"}],"wp:term":[{"taxonomy":"category","embeddable":true,"href":"https:\/\/podkarpacka.iarp.pl\/index.php?rest_route=%2Fwp%2Fv2%2Fcategories&post=7212"},{"taxonomy":"post_tag","embeddable":true,"href":"https:\/\/podkarpacka.iarp.pl\/index.php?rest_route=%2Fwp%2Fv2%2Ftags&post=7212"}],"curies":[{"name":"wp","href":"https:\/\/api.w.org\/{rel}","templated":true}]}}