{"id":722,"date":"2015-02-12T10:04:14","date_gmt":"2015-02-12T10:04:14","guid":{"rendered":"http:\/\/podkarpacka.iarp.pl\/?p=722"},"modified":"2015-10-04T22:17:31","modified_gmt":"2015-10-04T20:17:31","slug":"722","status":"publish","type":"post","link":"https:\/\/podkarpacka.iarp.pl\/?p=722","title":{"rendered":"TERMINY EGZAMIN\u00d3W NA UPRAWNIENIA W 2015 ROKU"},"content":{"rendered":"<p><a href=\"https:\/\/podkarpacka.iarp.pl\/wp-content\/uploads\/2015\/02\/logo-izba-male.png\"><img loading=\"lazy\" decoding=\"async\" class=\"alignleft size-full wp-image-470\" style=\"margin: 20px 20px 0px; text-align: left;\" src=\"https:\/\/podkarpacka.iarp.pl\/wp-content\/uploads\/2015\/02\/logo-izba-male.png\" alt=\"logo izba male\" width=\"140\" height=\"80\" \/><\/a><\/p>\n<h2 style=\"margin: 0px 10px 0px; text-align: left;\">EGZAMIN NA UPRAWNIENIA BUDOWLANE W PODKARPACKIEJ OKR\u0118GOWEJ IZBIE ARCHITEKT\u00d3W<\/h2>\n<hr style=\"margin: 10px 0px 25px;\" \/>\n<p>&nbsp;<\/p>\n<p class=\"p1\" style=\"text-align: justify;\"><span class=\"s1\"><strong>Uprzejmie\u00a0informujemy, \u017ce w sesji letniej\u00a0egzamin na uprawnienia budowlane w specjalno\u015bci architektonicznej bez ogranicze\u0144 odb\u0119dzie si\u0119 12\u00a0czerwca 2015r.<\/strong><\/span><\/p>\n<p class=\"p1\" style=\"text-align: justify;\"><span class=\"s1\"><strong>Jednocze\u015bnie przypominamy o sk\u0142adaniu dokument\u00f3w o przeprowadzenie post\u0119powania kwalifikacyjnego do niniejszego egzaminu w nieprzekraczalnym terminie do dnia 12\u00a0marca 2015r.<\/strong><\/span><\/p>\n<p class=\"p1\" style=\"text-align: justify;\"><span class=\"s1\"><span class=\"s1\"><strong>Terminy egzamin\u00f3w<\/strong><\/span> na uprawnienia budowlane w specjalno\u015bci architektonicznej w 2014:<strong><br \/>\n<\/strong><\/span><\/p>\n<table style=\"height: 156px;\" width=\"607\">\n<tbody>\n<tr>\n<td width=\"170\">\n<h1 style=\"margin: -10px 0px; text-align: left;\"><span style=\"color: #808080;\"><strong>2015\u00a0ROK<\/strong><\/span><\/h1>\n<\/td>\n<td style=\"text-align: center;\" width=\"220\">\n<h5 style=\"margin: -10px 0px;\">TERMIN EGZAMINU<\/h5>\n<\/td>\n<td width=\"220\">\n<h5 style=\"margin: -10px 0px; text-align: center;\">OSTATECZNY TERMIN SK\u0141ADANIA WNIOSK\u00d3W<\/h5>\n<\/td>\n<\/tr>\n<tr>\n<td>\n<h4 style=\"margin: -10px 0px; text-align: left;\">LETNIA SESJA EGZAMINACYJNA<\/h4>\n<\/td>\n<td>\n<h3 style=\"margin: -10px 0px; text-align: center;\">12 czerwca 2015<\/h3>\n<\/td>\n<td>\n<h3 style=\"margin: -10px 0px; text-align: center;\">12 marca 2015<\/h3>\n<\/td>\n<\/tr>\n<tr>\n<td>\n<h4 style=\"margin: -10px 0px; text-align: left;\">ZIMOWA SESJA EGZAMINACYJNA<\/h4>\n<\/td>\n<td style=\"text-align: center;\">\n<h3 style=\"margin: -10px 0px;\">11\u00a0grudnia 2015<\/h3>\n<\/td>\n<td>\n<h3 style=\"margin: -10px 0px; text-align: center;\">11\u00a0wrze\u015bnia 2015<\/h3>\n<\/td>\n<\/tr>\n<\/tbody>\n<\/table>\n<p style=\"text-align: justify;\">Przypominamy o corocznych zmianach termin\u00f3w egzamin\u00f3w i sprawdzaniu aktualnych termin\u00f3w w zak\u0142adce:<strong> <a href=\"\/?page_id=433\">EGZMIN NA UPRAWNIENIA<\/a><\/strong><\/p>\n<p style=\"text-align: justify;\">\n","protected":false},"excerpt":{"rendered":"<p>EGZAMIN NA UPRAWNIENIA BUDOWLANE W PODKARPACKIEJ OKR\u0118GOWEJ IZBIE ARCHITEKT\u00d3W &nbsp; Uprzejmie\u00a0informujemy, \u017ce w sesji letniej\u00a0egzamin na uprawnienia budowlane w specjalno\u015bci architektonicznej bez ogranicze\u0144 odb\u0119dzie si\u0119 12\u00a0czerwca 2015r. Jednocze\u015bnie przypominamy o sk\u0142adaniu dokument\u00f3w o przeprowadzenie post\u0119powania kwalifikacyjnego do niniejszego egzaminu w nieprzekraczalnym terminie do dnia 12\u00a0marca 2015r. Terminy egzamin\u00f3w na uprawnienia budowlane w specjalno\u015bci architektonicznej w [&hellip;]<\/p>\n","protected":false},"author":7,"featured_media":856,"comment_status":"closed","ping_status":"open","sticky":false,"template":"","format":"standard","meta":{"footnotes":""},"categories":[56],"tags":[],"class_list":["post-722","post","type-post","status-publish","format-standard","has-post-thumbnail","hentry","category-informacje-rady"],"publishpress_future_action":{"enabled":false,"date":"2026-05-05 00:39:08","action":"change-status","newStatus":"draft","terms":[],"taxonomy":"category","extraData":[]},"publishpress_future_workflow_manual_trigger":{"enabledWorkflows":[]},"_links":{"self":[{"href":"https:\/\/podkarpacka.iarp.pl\/index.php?rest_route=\/wp\/v2\/posts\/722","targetHints":{"allow":["GET"]}}],"collection":[{"href":"https:\/\/podkarpacka.iarp.pl\/index.php?rest_route=\/wp\/v2\/posts"}],"about":[{"href":"https:\/\/podkarpacka.iarp.pl\/index.php?rest_route=\/wp\/v2\/types\/post"}],"author":[{"embeddable":true,"href":"https:\/\/podkarpacka.iarp.pl\/index.php?rest_route=\/wp\/v2\/users\/7"}],"replies":[{"embeddable":true,"href":"https:\/\/podkarpacka.iarp.pl\/index.php?rest_route=%2Fwp%2Fv2%2Fcomments&post=722"}],"version-history":[{"count":2,"href":"https:\/\/podkarpacka.iarp.pl\/index.php?rest_route=\/wp\/v2\/posts\/722\/revisions"}],"predecessor-version":[{"id":724,"href":"https:\/\/podkarpacka.iarp.pl\/index.php?rest_route=\/wp\/v2\/posts\/722\/revisions\/724"}],"wp:featuredmedia":[{"embeddable":true,"href":"https:\/\/podkarpacka.iarp.pl\/index.php?rest_route=\/wp\/v2\/media\/856"}],"wp:attachment":[{"href":"https:\/\/podkarpacka.iarp.pl\/index.php?rest_route=%2Fwp%2Fv2%2Fmedia&parent=722"}],"wp:term":[{"taxonomy":"category","embeddable":true,"href":"https:\/\/podkarpacka.iarp.pl\/index.php?rest_route=%2Fwp%2Fv2%2Fcategories&post=722"},{"taxonomy":"post_tag","embeddable":true,"href":"https:\/\/podkarpacka.iarp.pl\/index.php?rest_route=%2Fwp%2Fv2%2Ftags&post=722"}],"curies":[{"name":"wp","href":"https:\/\/api.w.org\/{rel}","templated":true}]}}