{"id":7220,"date":"2025-05-30T14:37:21","date_gmt":"2025-05-30T12:37:21","guid":{"rendered":"https:\/\/podkarpacka.iarp.pl\/?p=7220"},"modified":"2025-06-02T14:39:36","modified_gmt":"2025-06-02T12:39:36","slug":"szkolenie-analiza-oddzialywania-w-kontekscie-linijki-slonca","status":"publish","type":"post","link":"https:\/\/podkarpacka.iarp.pl\/?p=7220","title":{"rendered":"Szkolenie \u2013 Analiza oddzia\u0142ywania w kontek\u015bcie linijki s\u0142o\u0144ca"},"content":{"rendered":"<p>Kole\u017canki i Koledzy,<br \/>\nzapraszamy na szkolenie:<br \/>\n<img decoding=\"async\" class=\"an1\" draggable=\"false\" src=\"https:\/\/fonts.gstatic.com\/s\/e\/notoemoji\/16.0\/1f4e2\/32.png\" alt=\"\ud83d\udce2\" data-emoji=\"\ud83d\udce2\" aria-label=\"\ud83d\udce2\" \/>\u00a0Szkolenie \u2013 Analiza oddzia\u0142ywania w kontek\u015bcie linijki s\u0142o\u0144ca\u00a0<img decoding=\"async\" class=\"an1\" draggable=\"false\" src=\"https:\/\/fonts.gstatic.com\/s\/e\/notoemoji\/16.0\/1f31e\/32.png\" alt=\"\ud83c\udf1e\" data-emoji=\"\ud83c\udf1e\" aria-label=\"\ud83c\udf1e\" \/><img decoding=\"async\" class=\"an1\" draggable=\"false\" src=\"https:\/\/fonts.gstatic.com\/s\/e\/notoemoji\/16.0\/1f4d0\/32.png\" alt=\"\ud83d\udcd0\" data-emoji=\"\ud83d\udcd0\" aria-label=\"\ud83d\udcd0\" \/><\/p>\n<p><img decoding=\"async\" class=\"an1\" draggable=\"false\" src=\"https:\/\/fonts.gstatic.com\/s\/e\/notoemoji\/16.0\/1f4c5\/32.png\" alt=\"\ud83d\udcc5\" data-emoji=\"\ud83d\udcc5\" aria-label=\"\ud83d\udcc5\" \/>\u00a0Kiedy? 11 czerwca 2025 (\u015broda)<br \/>\n<img decoding=\"async\" class=\"an1\" draggable=\"false\" src=\"https:\/\/fonts.gstatic.com\/s\/e\/notoemoji\/16.0\/1f552\/32.png\" alt=\"\ud83d\udd52\" data-emoji=\"\ud83d\udd52\" aria-label=\"\ud83d\udd52\" \/> O kt\u00f3rej? Start o godz. 13:00<br \/>\n<img decoding=\"async\" class=\"an1\" draggable=\"false\" src=\"https:\/\/fonts.gstatic.com\/s\/e\/notoemoji\/16.0\/1f4cd\/32.png\" alt=\"\ud83d\udccd\" data-emoji=\"\ud83d\udccd\" aria-label=\"\ud83d\udccd\" \/>\u00a0Gdzie? Siedziba Podkarpackiej Okr\u0119gowej Izby Architekt\u00f3w RP<br \/>\nRynek 8, 35-064 Rzesz\u00f3w<\/p>\n<p>Zapraszamy na szkolenie, podczas kt\u00f3rego om\u00f3wimy praktyczne aspekty analizy oddzia\u0142ywania zabudowy w kontek\u015bcie tzw. &#8220;linijki s\u0142o\u0144ca&#8221; \u2013 narz\u0119dzia, kt\u00f3re ka\u017cdy architekt powinien zna\u0107, by projektowa\u0107 zgodnie z przepisami i komfortem s\u0105siedztwa\u00a0<img decoding=\"async\" class=\"an1\" draggable=\"false\" src=\"https:\/\/fonts.gstatic.com\/s\/e\/notoemoji\/16.0\/2600_fe0f\/32.png\" alt=\"\u2600\ufe0f\" data-emoji=\"\u2600\ufe0f\" aria-label=\"\u2600\ufe0f\" \/><img decoding=\"async\" class=\"an1\" draggable=\"false\" src=\"https:\/\/fonts.gstatic.com\/s\/e\/notoemoji\/16.0\/1f3d9_fe0f\/32.png\" alt=\"\ud83c\udfd9\ufe0f\" data-emoji=\"\ud83c\udfd9\ufe0f\" aria-label=\"\ud83c\udfd9\ufe0f\" \/><\/p>\n<p>Zapisz dat\u0119 i do zobaczenia w Izbie!<\/p>\n","protected":false},"excerpt":{"rendered":"<p>Kole\u017canki i Koledzy, zapraszamy na szkolenie: \u00a0Szkolenie \u2013 Analiza oddzia\u0142ywania w kontek\u015bcie linijki s\u0142o\u0144ca\u00a0 \u00a0Kiedy? 11 czerwca 2025 (\u015broda) O kt\u00f3rej? Start o godz. 13:00 \u00a0Gdzie? Siedziba Podkarpackiej Okr\u0119gowej Izby Architekt\u00f3w RP Rynek 8, 35-064 Rzesz\u00f3w Zapraszamy na szkolenie, podczas kt\u00f3rego om\u00f3wimy praktyczne aspekty analizy oddzia\u0142ywania zabudowy w kontek\u015bcie tzw. &#8220;linijki s\u0142o\u0144ca&#8221; \u2013 narz\u0119dzia, kt\u00f3re [&hellip;]<\/p>\n","protected":false},"author":6,"featured_media":7218,"comment_status":"closed","ping_status":"open","sticky":false,"template":"","format":"standard","meta":{"footnotes":""},"categories":[57],"tags":[],"class_list":["post-7220","post","type-post","status-publish","format-standard","has-post-thumbnail","hentry","category-szkolenia"],"publishpress_future_action":{"enabled":false,"date":"2026-05-04 22:49:08","action":"change-status","newStatus":"draft","terms":[],"taxonomy":"category","extraData":[]},"publishpress_future_workflow_manual_trigger":{"enabledWorkflows":[]},"_links":{"self":[{"href":"https:\/\/podkarpacka.iarp.pl\/index.php?rest_route=\/wp\/v2\/posts\/7220","targetHints":{"allow":["GET"]}}],"collection":[{"href":"https:\/\/podkarpacka.iarp.pl\/index.php?rest_route=\/wp\/v2\/posts"}],"about":[{"href":"https:\/\/podkarpacka.iarp.pl\/index.php?rest_route=\/wp\/v2\/types\/post"}],"author":[{"embeddable":true,"href":"https:\/\/podkarpacka.iarp.pl\/index.php?rest_route=\/wp\/v2\/users\/6"}],"replies":[{"embeddable":true,"href":"https:\/\/podkarpacka.iarp.pl\/index.php?rest_route=%2Fwp%2Fv2%2Fcomments&post=7220"}],"version-history":[{"count":1,"href":"https:\/\/podkarpacka.iarp.pl\/index.php?rest_route=\/wp\/v2\/posts\/7220\/revisions"}],"predecessor-version":[{"id":7221,"href":"https:\/\/podkarpacka.iarp.pl\/index.php?rest_route=\/wp\/v2\/posts\/7220\/revisions\/7221"}],"wp:featuredmedia":[{"embeddable":true,"href":"https:\/\/podkarpacka.iarp.pl\/index.php?rest_route=\/wp\/v2\/media\/7218"}],"wp:attachment":[{"href":"https:\/\/podkarpacka.iarp.pl\/index.php?rest_route=%2Fwp%2Fv2%2Fmedia&parent=7220"}],"wp:term":[{"taxonomy":"category","embeddable":true,"href":"https:\/\/podkarpacka.iarp.pl\/index.php?rest_route=%2Fwp%2Fv2%2Fcategories&post=7220"},{"taxonomy":"post_tag","embeddable":true,"href":"https:\/\/podkarpacka.iarp.pl\/index.php?rest_route=%2Fwp%2Fv2%2Ftags&post=7220"}],"curies":[{"name":"wp","href":"https:\/\/api.w.org\/{rel}","templated":true}]}}