{"id":7223,"date":"2025-06-24T07:58:14","date_gmt":"2025-06-24T05:58:14","guid":{"rendered":"https:\/\/podkarpacka.iarp.pl\/?p=7223"},"modified":"2025-06-24T07:58:34","modified_gmt":"2025-06-24T05:58:34","slug":"zmarla-nasza-kolezanka-urszula-alda","status":"publish","type":"post","link":"https:\/\/podkarpacka.iarp.pl\/?p=7223","title":{"rendered":"Zmar\u0142a Nasza Kole\u017canka Urszula Alda"},"content":{"rendered":"<p style=\"font-weight: 400;\">Z wielk\u0105 przykro\u015bci\u0105 informujemy, \u017ce zmar\u0142a\u00a0<strong>Pani architekt Urszula Alda<\/strong>\u00a0d\u0142ugoletni cz\u0142onek Podkarpackiej Okr\u0119gowej Izby Architekt\u00f3w RP.<\/p>\n<p style=\"font-weight: 400;\">Uroczysto\u015bci pogrzebowe odb\u0119d\u0105 si\u0119 w dniu\u00a0<strong>26.06.2025 r<\/strong>.\u00a0<strong>o godz. 10.30<\/strong>\u00a0w Kaplicy Cmentarnej na Cmentarzu Komunalnym Wilkowyja w Rzeszowie.<\/p>\n<p>&nbsp;<\/p>\n<p><a href=\"https:\/\/podkarpacka.iarp.pl\/wp-content\/uploads\/2025\/06\/20250623135819427_pages-to-jpg-0001-rotated.jpg\"><img loading=\"lazy\" decoding=\"async\" class=\"aligncenter size-large wp-image-7224\" src=\"https:\/\/podkarpacka.iarp.pl\/wp-content\/uploads\/2025\/06\/20250623135819427_pages-to-jpg-0001-rotated-1024x724.jpg\" alt=\"\" width=\"770\" height=\"544\" srcset=\"https:\/\/podkarpacka.iarp.pl\/wp-content\/uploads\/2025\/06\/20250623135819427_pages-to-jpg-0001-rotated-1024x724.jpg 1024w, https:\/\/podkarpacka.iarp.pl\/wp-content\/uploads\/2025\/06\/20250623135819427_pages-to-jpg-0001-rotated-300x212.jpg 300w, https:\/\/podkarpacka.iarp.pl\/wp-content\/uploads\/2025\/06\/20250623135819427_pages-to-jpg-0001-768x543.jpg 768w, https:\/\/podkarpacka.iarp.pl\/wp-content\/uploads\/2025\/06\/20250623135819427_pages-to-jpg-0001-1536x1085.jpg 1536w, https:\/\/podkarpacka.iarp.pl\/wp-content\/uploads\/2025\/06\/20250623135819427_pages-to-jpg-0001-rotated.jpg 1755w\" sizes=\"auto, (max-width: 770px) 100vw, 770px\" \/><\/a><\/p>\n","protected":false},"excerpt":{"rendered":"<p>Z wielk\u0105 przykro\u015bci\u0105 informujemy, \u017ce zmar\u0142a\u00a0Pani architekt Urszula Alda\u00a0d\u0142ugoletni cz\u0142onek Podkarpackiej Okr\u0119gowej Izby Architekt\u00f3w RP. Uroczysto\u015bci pogrzebowe odb\u0119d\u0105 si\u0119 w dniu\u00a026.06.2025 r.\u00a0o godz. 10.30\u00a0w Kaplicy Cmentarnej na Cmentarzu Komunalnym Wilkowyja w Rzeszowie. &nbsp;<\/p>\n","protected":false},"author":6,"featured_media":4554,"comment_status":"closed","ping_status":"open","sticky":false,"template":"","format":"standard","meta":{"footnotes":""},"categories":[56],"tags":[],"class_list":["post-7223","post","type-post","status-publish","format-standard","has-post-thumbnail","hentry","category-informacje-rady"],"publishpress_future_action":{"enabled":false,"date":"2026-05-08 00:12:00","action":"change-status","newStatus":"draft","terms":[],"taxonomy":"category","extraData":[]},"publishpress_future_workflow_manual_trigger":{"enabledWorkflows":[]},"_links":{"self":[{"href":"https:\/\/podkarpacka.iarp.pl\/index.php?rest_route=\/wp\/v2\/posts\/7223","targetHints":{"allow":["GET"]}}],"collection":[{"href":"https:\/\/podkarpacka.iarp.pl\/index.php?rest_route=\/wp\/v2\/posts"}],"about":[{"href":"https:\/\/podkarpacka.iarp.pl\/index.php?rest_route=\/wp\/v2\/types\/post"}],"author":[{"embeddable":true,"href":"https:\/\/podkarpacka.iarp.pl\/index.php?rest_route=\/wp\/v2\/users\/6"}],"replies":[{"embeddable":true,"href":"https:\/\/podkarpacka.iarp.pl\/index.php?rest_route=%2Fwp%2Fv2%2Fcomments&post=7223"}],"version-history":[{"count":3,"href":"https:\/\/podkarpacka.iarp.pl\/index.php?rest_route=\/wp\/v2\/posts\/7223\/revisions"}],"predecessor-version":[{"id":7227,"href":"https:\/\/podkarpacka.iarp.pl\/index.php?rest_route=\/wp\/v2\/posts\/7223\/revisions\/7227"}],"wp:featuredmedia":[{"embeddable":true,"href":"https:\/\/podkarpacka.iarp.pl\/index.php?rest_route=\/wp\/v2\/media\/4554"}],"wp:attachment":[{"href":"https:\/\/podkarpacka.iarp.pl\/index.php?rest_route=%2Fwp%2Fv2%2Fmedia&parent=7223"}],"wp:term":[{"taxonomy":"category","embeddable":true,"href":"https:\/\/podkarpacka.iarp.pl\/index.php?rest_route=%2Fwp%2Fv2%2Fcategories&post=7223"},{"taxonomy":"post_tag","embeddable":true,"href":"https:\/\/podkarpacka.iarp.pl\/index.php?rest_route=%2Fwp%2Fv2%2Ftags&post=7223"}],"curies":[{"name":"wp","href":"https:\/\/api.w.org\/{rel}","templated":true}]}}