{"id":7228,"date":"2025-06-27T07:16:46","date_gmt":"2025-06-27T05:16:46","guid":{"rendered":"https:\/\/podkarpacka.iarp.pl\/?p=7228"},"modified":"2025-06-27T07:16:46","modified_gmt":"2025-06-27T05:16:46","slug":"zlote-odznaki-honorowe-ii-stopnia","status":"publish","type":"post","link":"https:\/\/podkarpacka.iarp.pl\/?p=7228","title":{"rendered":"Z\u0142ote Odznaki Honorowe II stopnia"},"content":{"rendered":"<p>Z dum\u0105 informujemy, \u017ce podczas XVIII Krajowego Zjazdu Sprawozdawczego Izby Architekt\u00f3w RP mia\u0142o miejsce wyj\u0105tkowe wydarzenie \u2013 uroczyste wr\u0119czenie Z\u0142otych Odznak Honorowych II stopnia.<\/p>\n<p>To presti\u017cowe wyr\u00f3\u017cnienie przyznawane jest za szczeg\u00f3lne zas\u0142ugi dla \u015brodowiska architekt\u00f3w oraz za aktywn\u0105 i wieloletni\u0105 dzia\u0142alno\u015b\u0107 w strukturach samorz\u0105du zawodowego.<\/p>\n<p>W tym roku to wyj\u0105tkowe odznaczenie otrzyma\u0142y trzy niezwykle zaanga\u017cowane cz\u0142onkinie Rady Podkarpackiej Okr\u0119gowej Izby Architekt\u00f3w RP, kole\u017canki:<\/p>\n<p>\ud83c\udfc5 Renata \u015awi\u0119ci\u0144ska \u2013 przewodnicz\u0105ca Rady PKOIA RP, od trzech kadencji aktywnie zaanga\u017cowana w dzia\u0142ania na rzecz zawodu architekta, z czego przez dwie pe\u0142ni funkcj\u0119 przewodnicz\u0105cej Rady. Jej determinacja, odwaga i konsekwencja sprawi\u0142y, \u017ce sta\u0142a si\u0119 symbolem walki z patologi\u0105 tzw. podpisywactwa. W V kadencji Izby Architekt\u00f3w RP jako przewodnicz\u0105ca zespo\u0142u kierowa\u0142a pracami Zespo\u0142u Ochrony Zawodu Architekta w ramach Komisji Warunk\u00f3w Wykonywania Zawodu przy KRIA RP, a w obecnej VI kadencji pe\u0142ni funkcj\u0119 wiceprzewodnicz\u0105cej Zespo\u0142u Warunk\u00f3w Wykonywania Zawodu powo\u0142anego przez KRIA RP. Od dw\u00f3ch kadencji jest r\u00f3wnie\u017c cz\u0142onkini\u0105 Zespo\u0142u ds. Polityki Finansowej. Dzi\u0119ki konsekwencji, zaanga\u017cowaniu i odwadze kole\u017canki Renaty, wiele problem\u00f3w dotykaj\u0105cych nasz zaw\u00f3d zosta\u0142o nie tylko nazwanych, ale r\u00f3wnie\u017c skierowanych do rozwi\u0105zania.<\/p>\n<p>\ud83c\udfc5 Iwona Matlingiewicz \u2013 skarbnik Rady PKOIA RP w obecnej kadencji, cz\u0142onkini Rady ju\u017c od czterech kadencji. Przez dwie ostatnie kadencje pe\u0142ni\u0142a funkcj\u0119 wiceprzewodnicz\u0105cej Rady, z zaanga\u017cowaniem uczestnicz\u0105c w kszta\u0142towaniu kierunk\u00f3w dzia\u0142a\u0144 Izby.<\/p>\n<p>Z ogromnym profesjonalizmem i energi\u0105 wspiera funkcjonowanie PKOIA RP, wnosz\u0105c cenne kompetencje organizacyjne i finansowe, a tak\u017ce dbaj\u0105c o wysoki standard wyposa\u017cenia przestrzeni izbowych, by codzienna praca w Izbie przebiega\u0142a w komfortowych i funkcjonalnych warunkach.<\/p>\n<p>\ud83c\udfc5 Iwona B\u0105k \u2013 cz\u0142onkini Rady PKOIA RP od dw\u00f3ch kadencji. Od lat z sukcesem koordynuje konkurs \u201eDom moich marze\u0144\u201d, promuj\u0105cy architektur\u0119 w\u015br\u00f3d dzieci szk\u00f3\u0142 podstawowych Odpowiada r\u00f3wnie\u017c za staranne wyposa\u017cenie pomieszcze\u0144 izbowych oraz aktywnie dzia\u0142a w Komisji Samopomocy, wspieraj\u0105c integracj\u0119 \u015brodowiska architekt\u00f3w.<\/p>\n<p>Serdecznie gratulujemy wszystkim wyr\u00f3\u017cnionym \u2013 to w pe\u0142ni zas\u0142u\u017cone odznaczenia!<\/p>\n<p>Ich praca, oddanie i codzienne dzia\u0142ania na rzecz naszego \u015brodowiska s\u0105 najlepszym przyk\u0142adem, \u017ce samorz\u0105d zawodowy architekt\u00f3w ma sens \u2013 kiedy tworz\u0105 go ludzie z pasj\u0105 i misj\u0105.<\/p>\n<p>&nbsp;<\/p>\n\n\t\t<style type=\"text\/css\">\n\t\t\t#gallery-1 {\n\t\t\t\tmargin: auto;\n\t\t\t}\n\t\t\t#gallery-1 .gallery-item {\n\t\t\t\tfloat: left;\n\t\t\t\tmargin-top: 10px;\n\t\t\t\ttext-align: center;\n\t\t\t\twidth: 33%;\n\t\t\t}\n\t\t\t#gallery-1 img {\n\t\t\t\tborder: 2px solid #cfcfcf;\n\t\t\t}\n\t\t\t#gallery-1 .gallery-caption {\n\t\t\t\tmargin-left: 0;\n\t\t\t}\n\t\t\t\/* see gallery_shortcode() in wp-includes\/media.php *\/\n\t\t<\/style>\n\t\t<div id='gallery-1' class='gallery galleryid-7228 gallery-columns-3 gallery-size-thumbnail'><dl class='gallery-item'>\n\t\t\t<dt class='gallery-icon portrait'>\n\t\t\t\t<a href='https:\/\/podkarpacka.iarp.pl\/?attachment_id=7229'><img loading=\"lazy\" decoding=\"async\" width=\"150\" height=\"150\" src=\"https:\/\/podkarpacka.iarp.pl\/wp-content\/uploads\/2025\/06\/Zdjecie-WhatsApp-2025-06-13-o-23.58.50_b9862a89-150x150.jpg\" class=\"attachment-thumbnail size-thumbnail\" alt=\"\" \/><\/a>\n\t\t\t<\/dt><\/dl><dl class='gallery-item'>\n\t\t\t<dt class='gallery-icon portrait'>\n\t\t\t\t<a href='https:\/\/podkarpacka.iarp.pl\/?attachment_id=7230'><img loading=\"lazy\" decoding=\"async\" width=\"150\" height=\"150\" src=\"https:\/\/podkarpacka.iarp.pl\/wp-content\/uploads\/2025\/06\/Zdjecie-WhatsApp-2025-06-13-o-23.58.51_39af7983-150x150.jpg\" class=\"attachment-thumbnail size-thumbnail\" alt=\"\" \/><\/a>\n\t\t\t<\/dt><\/dl><dl class='gallery-item'>\n\t\t\t<dt class='gallery-icon portrait'>\n\t\t\t\t<a href='https:\/\/podkarpacka.iarp.pl\/?attachment_id=7231'><img loading=\"lazy\" decoding=\"async\" width=\"150\" height=\"150\" src=\"https:\/\/podkarpacka.iarp.pl\/wp-content\/uploads\/2025\/06\/Zdjecie-WhatsApp-2025-06-13-o-23.58.51_a19a18db-150x150.jpg\" class=\"attachment-thumbnail size-thumbnail\" alt=\"\" \/><\/a>\n\t\t\t<\/dt><\/dl><br style=\"clear: both\" \/><dl class='gallery-item'>\n\t\t\t<dt class='gallery-icon portrait'>\n\t\t\t\t<a href='https:\/\/podkarpacka.iarp.pl\/?attachment_id=7232'><img loading=\"lazy\" decoding=\"async\" width=\"150\" height=\"150\" src=\"https:\/\/podkarpacka.iarp.pl\/wp-content\/uploads\/2025\/06\/Zdjecie-WhatsApp-2025-06-14-o-08.04.10_e62f2f5a-150x150.jpg\" class=\"attachment-thumbnail size-thumbnail\" alt=\"\" \/><\/a>\n\t\t\t<\/dt><\/dl><dl class='gallery-item'>\n\t\t\t<dt class='gallery-icon landscape'>\n\t\t\t\t<a href='https:\/\/podkarpacka.iarp.pl\/?attachment_id=7233'><img loading=\"lazy\" decoding=\"async\" width=\"150\" height=\"150\" src=\"https:\/\/podkarpacka.iarp.pl\/wp-content\/uploads\/2025\/06\/Zdjecie-WhatsApp-2025-06-13-o-23.57.09_40db7fab-150x150.jpg\" class=\"attachment-thumbnail size-thumbnail\" alt=\"\" srcset=\"https:\/\/podkarpacka.iarp.pl\/wp-content\/uploads\/2025\/06\/Zdjecie-WhatsApp-2025-06-13-o-23.57.09_40db7fab-150x150.jpg 150w, https:\/\/podkarpacka.iarp.pl\/wp-content\/uploads\/2025\/06\/Zdjecie-WhatsApp-2025-06-13-o-23.57.09_40db7fab-266x266.jpg 266w\" sizes=\"auto, (max-width: 150px) 100vw, 150px\" \/><\/a>\n\t\t\t<\/dt><\/dl><dl class='gallery-item'>\n\t\t\t<dt class='gallery-icon landscape'>\n\t\t\t\t<a href='https:\/\/podkarpacka.iarp.pl\/?attachment_id=7234'><img loading=\"lazy\" decoding=\"async\" width=\"150\" height=\"150\" src=\"https:\/\/podkarpacka.iarp.pl\/wp-content\/uploads\/2025\/06\/Zdjecie-WhatsApp-2025-06-13-o-23.57.09_be5f2261-150x150.jpg\" class=\"attachment-thumbnail size-thumbnail\" alt=\"\" srcset=\"https:\/\/podkarpacka.iarp.pl\/wp-content\/uploads\/2025\/06\/Zdjecie-WhatsApp-2025-06-13-o-23.57.09_be5f2261-150x150.jpg 150w, https:\/\/podkarpacka.iarp.pl\/wp-content\/uploads\/2025\/06\/Zdjecie-WhatsApp-2025-06-13-o-23.57.09_be5f2261-266x266.jpg 266w\" sizes=\"auto, (max-width: 150px) 100vw, 150px\" \/><\/a>\n\t\t\t<\/dt><\/dl><br style=\"clear: both\" \/>\n\t\t<\/div>\n\n","protected":false},"excerpt":{"rendered":"<p>Z dum\u0105 informujemy, \u017ce podczas XVIII Krajowego Zjazdu Sprawozdawczego Izby Architekt\u00f3w RP mia\u0142o miejsce wyj\u0105tkowe wydarzenie \u2013 uroczyste wr\u0119czenie Z\u0142otych Odznak Honorowych II stopnia. To presti\u017cowe wyr\u00f3\u017cnienie przyznawane jest za szczeg\u00f3lne zas\u0142ugi dla \u015brodowiska architekt\u00f3w oraz za aktywn\u0105 i wieloletni\u0105 dzia\u0142alno\u015b\u0107 w strukturach samorz\u0105du zawodowego. W tym roku to wyj\u0105tkowe odznaczenie otrzyma\u0142y trzy niezwykle zaanga\u017cowane [&hellip;]<\/p>\n","protected":false},"author":6,"featured_media":7234,"comment_status":"closed","ping_status":"open","sticky":false,"template":"","format":"standard","meta":{"footnotes":""},"categories":[69],"tags":[],"class_list":["post-7228","post","type-post","status-publish","format-standard","has-post-thumbnail","hentry","category-aktualnosci"],"publishpress_future_action":{"enabled":false,"date":"2026-05-08 00:09:38","action":"change-status","newStatus":"draft","terms":[],"taxonomy":"category","extraData":[]},"publishpress_future_workflow_manual_trigger":{"enabledWorkflows":[]},"_links":{"self":[{"href":"https:\/\/podkarpacka.iarp.pl\/index.php?rest_route=\/wp\/v2\/posts\/7228","targetHints":{"allow":["GET"]}}],"collection":[{"href":"https:\/\/podkarpacka.iarp.pl\/index.php?rest_route=\/wp\/v2\/posts"}],"about":[{"href":"https:\/\/podkarpacka.iarp.pl\/index.php?rest_route=\/wp\/v2\/types\/post"}],"author":[{"embeddable":true,"href":"https:\/\/podkarpacka.iarp.pl\/index.php?rest_route=\/wp\/v2\/users\/6"}],"replies":[{"embeddable":true,"href":"https:\/\/podkarpacka.iarp.pl\/index.php?rest_route=%2Fwp%2Fv2%2Fcomments&post=7228"}],"version-history":[{"count":1,"href":"https:\/\/podkarpacka.iarp.pl\/index.php?rest_route=\/wp\/v2\/posts\/7228\/revisions"}],"predecessor-version":[{"id":7235,"href":"https:\/\/podkarpacka.iarp.pl\/index.php?rest_route=\/wp\/v2\/posts\/7228\/revisions\/7235"}],"wp:featuredmedia":[{"embeddable":true,"href":"https:\/\/podkarpacka.iarp.pl\/index.php?rest_route=\/wp\/v2\/media\/7234"}],"wp:attachment":[{"href":"https:\/\/podkarpacka.iarp.pl\/index.php?rest_route=%2Fwp%2Fv2%2Fmedia&parent=7228"}],"wp:term":[{"taxonomy":"category","embeddable":true,"href":"https:\/\/podkarpacka.iarp.pl\/index.php?rest_route=%2Fwp%2Fv2%2Fcategories&post=7228"},{"taxonomy":"post_tag","embeddable":true,"href":"https:\/\/podkarpacka.iarp.pl\/index.php?rest_route=%2Fwp%2Fv2%2Ftags&post=7228"}],"curies":[{"name":"wp","href":"https:\/\/api.w.org\/{rel}","templated":true}]}}