{"id":7237,"date":"2025-06-30T11:16:43","date_gmt":"2025-06-30T09:16:43","guid":{"rendered":"https:\/\/podkarpacka.iarp.pl\/?p=7237"},"modified":"2025-06-30T11:16:43","modified_gmt":"2025-06-30T09:16:43","slug":"wreczenie-decyzji-o-nadaniu-uprawnien-budowlanych-w-ramach-letniej-sesji-egzaminacyjnej","status":"publish","type":"post","link":"https:\/\/podkarpacka.iarp.pl\/?p=7237","title":{"rendered":"Wr\u0119czenie decyzji o nadaniu uprawnie\u0144 budowlanych w ramach letniej sesji egzaminacyjnej."},"content":{"rendered":"<div>27 czerwca odby\u0142o si\u0119 uroczyste wr\u0119czenie decyzji o nadaniu uprawnie\u0144 budowlanych w specjalno\u015bci architektonicznej w ramach letniej sesji egzaminacyjnej.<\/div>\n<div>\n<div dir=\"auto\">Z\u00a0ogromn\u0105 rado\u015bci\u0105 informujemy, \u017ce uprawnienia uzyska\u0142o 5 Pa\u0144!\u00a0<img loading=\"lazy\" decoding=\"async\" class=\"CToWUd\" src=\"https:\/\/ci3.googleusercontent.com\/meips\/ADKq_NaeWPImQ3gRuGUavRc61D7v3JyI8lL-63VUiSulfbtbYb4KeSBhF2CTtvbnpNA2t2h0TB59GhT_8j3LxcfzZBg__Wu4U_hS-jae9pTdupabqLIJ6WuqzcY=s0-d-e1-ft#https:\/\/static.xx.fbcdn.net\/images\/emoji.php\/v9\/tfe\/1\/16\/1f44f.png\" alt=\"\ud83d\udc4f\" width=\"16\" height=\"16\" data-bit=\"iit\" \/><\/div>\n<\/div>\n<div>\n<div dir=\"auto\">Serdecznie gratulujemy wszystkim nowym uprawnionym architektkom! \u017byczymy wielu inspiruj\u0105cych projekt\u00f3w i satysfakcji z pracy zawodowej!<\/div>\n<\/div>\n<div dir=\"auto\"><\/div>\n<div dir=\"auto\">\n\n\t\t<style type=\"text\/css\">\n\t\t\t#gallery-1 {\n\t\t\t\tmargin: auto;\n\t\t\t}\n\t\t\t#gallery-1 .gallery-item {\n\t\t\t\tfloat: left;\n\t\t\t\tmargin-top: 10px;\n\t\t\t\ttext-align: center;\n\t\t\t\twidth: 33%;\n\t\t\t}\n\t\t\t#gallery-1 img {\n\t\t\t\tborder: 2px solid #cfcfcf;\n\t\t\t}\n\t\t\t#gallery-1 .gallery-caption {\n\t\t\t\tmargin-left: 0;\n\t\t\t}\n\t\t\t\/* see gallery_shortcode() in wp-includes\/media.php *\/\n\t\t<\/style>\n\t\t<div id='gallery-1' class='gallery galleryid-7237 gallery-columns-3 gallery-size-thumbnail'><dl class='gallery-item'>\n\t\t\t<dt class='gallery-icon landscape'>\n\t\t\t\t<a href='https:\/\/podkarpacka.iarp.pl\/?attachment_id=7238'><img loading=\"lazy\" decoding=\"async\" width=\"150\" height=\"150\" src=\"https:\/\/podkarpacka.iarp.pl\/wp-content\/uploads\/2025\/06\/Zdjecie-WhatsApp-2025-06-27-o-15.26.18_5865828f-150x150.jpg\" class=\"attachment-thumbnail size-thumbnail\" alt=\"\" \/><\/a>\n\t\t\t<\/dt><\/dl><dl class='gallery-item'>\n\t\t\t<dt class='gallery-icon landscape'>\n\t\t\t\t<a href='https:\/\/podkarpacka.iarp.pl\/?attachment_id=7239'><img loading=\"lazy\" decoding=\"async\" width=\"150\" height=\"150\" src=\"https:\/\/podkarpacka.iarp.pl\/wp-content\/uploads\/2025\/06\/Zdjecie-WhatsApp-2025-06-27-o-15.26.18_e6b42d40-150x150.jpg\" class=\"attachment-thumbnail size-thumbnail\" alt=\"\" \/><\/a>\n\t\t\t<\/dt><\/dl><dl class='gallery-item'>\n\t\t\t<dt class='gallery-icon landscape'>\n\t\t\t\t<a href='https:\/\/podkarpacka.iarp.pl\/?attachment_id=7240'><img loading=\"lazy\" decoding=\"async\" width=\"150\" height=\"150\" src=\"https:\/\/podkarpacka.iarp.pl\/wp-content\/uploads\/2025\/06\/Zdjecie-WhatsApp-2025-06-27-o-15.26.19_01537dd4-150x150.jpg\" class=\"attachment-thumbnail size-thumbnail\" alt=\"\" \/><\/a>\n\t\t\t<\/dt><\/dl><br style=\"clear: both\" \/><dl class='gallery-item'>\n\t\t\t<dt class='gallery-icon landscape'>\n\t\t\t\t<a href='https:\/\/podkarpacka.iarp.pl\/?attachment_id=7241'><img loading=\"lazy\" decoding=\"async\" width=\"150\" height=\"150\" src=\"https:\/\/podkarpacka.iarp.pl\/wp-content\/uploads\/2025\/06\/Zdjecie-WhatsApp-2025-06-27-o-15.26.19_759978b8-150x150.jpg\" class=\"attachment-thumbnail size-thumbnail\" alt=\"\" \/><\/a>\n\t\t\t<\/dt><\/dl><dl class='gallery-item'>\n\t\t\t<dt class='gallery-icon landscape'>\n\t\t\t\t<a href='https:\/\/podkarpacka.iarp.pl\/?attachment_id=7242'><img loading=\"lazy\" decoding=\"async\" width=\"150\" height=\"150\" src=\"https:\/\/podkarpacka.iarp.pl\/wp-content\/uploads\/2025\/06\/Zdjecie-WhatsApp-2025-06-27-o-15.26.20_d2ffa333-150x150.jpg\" class=\"attachment-thumbnail size-thumbnail\" alt=\"\" \/><\/a>\n\t\t\t<\/dt><\/dl><dl class='gallery-item'>\n\t\t\t<dt class='gallery-icon landscape'>\n\t\t\t\t<a href='https:\/\/podkarpacka.iarp.pl\/?attachment_id=7243'><img loading=\"lazy\" decoding=\"async\" width=\"150\" height=\"150\" src=\"https:\/\/podkarpacka.iarp.pl\/wp-content\/uploads\/2025\/06\/Zdjecie-WhatsApp-2025-06-27-o-15.26.21_4aae1d02-150x150.jpg\" class=\"attachment-thumbnail size-thumbnail\" alt=\"\" \/><\/a>\n\t\t\t<\/dt><\/dl><br style=\"clear: both\" \/><dl class='gallery-item'>\n\t\t\t<dt class='gallery-icon landscape'>\n\t\t\t\t<a href='https:\/\/podkarpacka.iarp.pl\/?attachment_id=7244'><img loading=\"lazy\" decoding=\"async\" width=\"150\" height=\"150\" src=\"https:\/\/podkarpacka.iarp.pl\/wp-content\/uploads\/2025\/06\/Zdjecie-WhatsApp-2025-06-27-o-15.26.21_873d2ae8-150x150.jpg\" class=\"attachment-thumbnail size-thumbnail\" alt=\"\" \/><\/a>\n\t\t\t<\/dt><\/dl><dl class='gallery-item'>\n\t\t\t<dt class='gallery-icon landscape'>\n\t\t\t\t<a href='https:\/\/podkarpacka.iarp.pl\/?attachment_id=7245'><img loading=\"lazy\" decoding=\"async\" width=\"150\" height=\"150\" src=\"https:\/\/podkarpacka.iarp.pl\/wp-content\/uploads\/2025\/06\/Zdjecie-WhatsApp-2025-06-27-o-15.26.22_89e137b0-150x150.jpg\" class=\"attachment-thumbnail size-thumbnail\" alt=\"\" \/><\/a>\n\t\t\t<\/dt><\/dl><dl class='gallery-item'>\n\t\t\t<dt class='gallery-icon landscape'>\n\t\t\t\t<a href='https:\/\/podkarpacka.iarp.pl\/?attachment_id=7246'><img loading=\"lazy\" decoding=\"async\" width=\"150\" height=\"150\" src=\"https:\/\/podkarpacka.iarp.pl\/wp-content\/uploads\/2025\/06\/Zdjecie-WhatsApp-2025-06-27-o-15.26.22_090ce7b6-150x150.jpg\" class=\"attachment-thumbnail size-thumbnail\" alt=\"\" \/><\/a>\n\t\t\t<\/dt><\/dl><br style=\"clear: both\" \/><dl class='gallery-item'>\n\t\t\t<dt class='gallery-icon landscape'>\n\t\t\t\t<a href='https:\/\/podkarpacka.iarp.pl\/?attachment_id=7247'><img loading=\"lazy\" decoding=\"async\" width=\"150\" height=\"150\" src=\"https:\/\/podkarpacka.iarp.pl\/wp-content\/uploads\/2025\/06\/Zdjecie-WhatsApp-2025-06-27-o-15.26.23_3a41d794-150x150.jpg\" class=\"attachment-thumbnail size-thumbnail\" alt=\"\" \/><\/a>\n\t\t\t<\/dt><\/dl><dl class='gallery-item'>\n\t\t\t<dt class='gallery-icon landscape'>\n\t\t\t\t<a href='https:\/\/podkarpacka.iarp.pl\/?attachment_id=7248'><img loading=\"lazy\" decoding=\"async\" width=\"150\" height=\"150\" src=\"https:\/\/podkarpacka.iarp.pl\/wp-content\/uploads\/2025\/06\/Zdjecie-WhatsApp-2025-06-27-o-15.26.23_5cd2755c-150x150.jpg\" class=\"attachment-thumbnail size-thumbnail\" alt=\"\" srcset=\"https:\/\/podkarpacka.iarp.pl\/wp-content\/uploads\/2025\/06\/Zdjecie-WhatsApp-2025-06-27-o-15.26.23_5cd2755c-150x150.jpg 150w, https:\/\/podkarpacka.iarp.pl\/wp-content\/uploads\/2025\/06\/Zdjecie-WhatsApp-2025-06-27-o-15.26.23_5cd2755c-266x266.jpg 266w\" sizes=\"auto, (max-width: 150px) 100vw, 150px\" \/><\/a>\n\t\t\t<\/dt><\/dl><dl class='gallery-item'>\n\t\t\t<dt class='gallery-icon landscape'>\n\t\t\t\t<a href='https:\/\/podkarpacka.iarp.pl\/?attachment_id=7249'><img loading=\"lazy\" decoding=\"async\" width=\"150\" height=\"150\" src=\"https:\/\/podkarpacka.iarp.pl\/wp-content\/uploads\/2025\/06\/Zdjecie-WhatsApp-2025-06-27-o-15.26.23_b30227bd-150x150.jpg\" class=\"attachment-thumbnail size-thumbnail\" alt=\"\" \/><\/a>\n\t\t\t<\/dt><\/dl><br style=\"clear: both\" \/><dl class='gallery-item'>\n\t\t\t<dt class='gallery-icon landscape'>\n\t\t\t\t<a href='https:\/\/podkarpacka.iarp.pl\/?attachment_id=7250'><img loading=\"lazy\" decoding=\"async\" width=\"150\" height=\"150\" src=\"https:\/\/podkarpacka.iarp.pl\/wp-content\/uploads\/2025\/06\/Zdjecie-WhatsApp-2025-06-27-o-15.26.25_1eff22b3-150x150.jpg\" class=\"attachment-thumbnail size-thumbnail\" alt=\"\" \/><\/a>\n\t\t\t<\/dt><\/dl>\n\t\t\t<br style='clear: both' \/>\n\t\t<\/div>\n\n<\/div>\n","protected":false},"excerpt":{"rendered":"<p>27 czerwca odby\u0142o si\u0119 uroczyste wr\u0119czenie decyzji o nadaniu uprawnie\u0144 budowlanych w specjalno\u015bci architektonicznej w ramach letniej sesji egzaminacyjnej. Z\u00a0ogromn\u0105 rado\u015bci\u0105 informujemy, \u017ce uprawnienia uzyska\u0142o 5 Pa\u0144!\u00a0 Serdecznie gratulujemy wszystkim nowym uprawnionym architektkom! \u017byczymy wielu inspiruj\u0105cych projekt\u00f3w i satysfakcji z pracy zawodowej!<\/p>\n","protected":false},"author":6,"featured_media":7248,"comment_status":"closed","ping_status":"open","sticky":false,"template":"","format":"standard","meta":{"footnotes":""},"categories":[69],"tags":[],"class_list":["post-7237","post","type-post","status-publish","format-standard","has-post-thumbnail","hentry","category-aktualnosci"],"publishpress_future_action":{"enabled":false,"date":"2026-05-05 15:31:36","action":"change-status","newStatus":"draft","terms":[],"taxonomy":"category","extraData":[]},"publishpress_future_workflow_manual_trigger":{"enabledWorkflows":[]},"_links":{"self":[{"href":"https:\/\/podkarpacka.iarp.pl\/index.php?rest_route=\/wp\/v2\/posts\/7237","targetHints":{"allow":["GET"]}}],"collection":[{"href":"https:\/\/podkarpacka.iarp.pl\/index.php?rest_route=\/wp\/v2\/posts"}],"about":[{"href":"https:\/\/podkarpacka.iarp.pl\/index.php?rest_route=\/wp\/v2\/types\/post"}],"author":[{"embeddable":true,"href":"https:\/\/podkarpacka.iarp.pl\/index.php?rest_route=\/wp\/v2\/users\/6"}],"replies":[{"embeddable":true,"href":"https:\/\/podkarpacka.iarp.pl\/index.php?rest_route=%2Fwp%2Fv2%2Fcomments&post=7237"}],"version-history":[{"count":1,"href":"https:\/\/podkarpacka.iarp.pl\/index.php?rest_route=\/wp\/v2\/posts\/7237\/revisions"}],"predecessor-version":[{"id":7251,"href":"https:\/\/podkarpacka.iarp.pl\/index.php?rest_route=\/wp\/v2\/posts\/7237\/revisions\/7251"}],"wp:featuredmedia":[{"embeddable":true,"href":"https:\/\/podkarpacka.iarp.pl\/index.php?rest_route=\/wp\/v2\/media\/7248"}],"wp:attachment":[{"href":"https:\/\/podkarpacka.iarp.pl\/index.php?rest_route=%2Fwp%2Fv2%2Fmedia&parent=7237"}],"wp:term":[{"taxonomy":"category","embeddable":true,"href":"https:\/\/podkarpacka.iarp.pl\/index.php?rest_route=%2Fwp%2Fv2%2Fcategories&post=7237"},{"taxonomy":"post_tag","embeddable":true,"href":"https:\/\/podkarpacka.iarp.pl\/index.php?rest_route=%2Fwp%2Fv2%2Ftags&post=7237"}],"curies":[{"name":"wp","href":"https:\/\/api.w.org\/{rel}","templated":true}]}}