{"id":7253,"date":"2025-07-05T11:36:02","date_gmt":"2025-07-05T09:36:02","guid":{"rendered":"https:\/\/podkarpacka.iarp.pl\/?p=7253"},"modified":"2025-07-05T11:36:02","modified_gmt":"2025-07-05T09:36:02","slug":"podkarpacki-przeglad-architektury-zaprezentuj-swoj-dorobek","status":"publish","type":"post","link":"https:\/\/podkarpacka.iarp.pl\/?p=7253","title":{"rendered":"Podkarpacki przegl\u0105d architektury &#8211; Zaprezentuj sw\u00f3j dorobek!"},"content":{"rendered":"<p>Informujemy, i\u017c trwaj\u0105 intensywne prace nad przygotowaniem albumu \u201ePodkarpackiego Przegl\u0105du Architektury\u201d. Jest to wa\u017cne przedsi\u0119wzi\u0119cie, maj\u0105ce na celu prezentacj\u0119 dorobku podkarpackich architekt\u00f3w, b\u0119d\u0105cego \u015bwiadectwem Waszej pracy i dokona\u0144 na rzecz spo\u0142ecze\u0144stwa.<\/p>\n<p>Osoby, zainteresowane zamieszczeniem swoich prac w albumie, zach\u0119camy do przygotowania i przes\u0142ania materia\u0142\u00f3w w\u0142asnego autorstwa, za kt\u00f3re r\u0119cz\u0105 w\u0142asnym podpisem. Bez Waszych dzie\u0142 prezentacja dorobku architekt\u00f3w Podkarpacia b\u0119dzie niekompletna. Liczymy na zdecydowany odzew zaprezentowania Waszego dorobku, kt\u00f3ry obejmuje lata od 2002 do obecnie. Prosimy o przes\u0142anie materia\u0142\u00f3w do 31 sierpnia 2025r.<\/p>\n<p>Dzi\u0119kujemy osobom, kt\u00f3re ju\u017c przekaza\u0142y materia\u0142y &#8211; nie musz\u0105 tego robi\u0107 powt\u00f3rnie, chyba, \u017ce uznaj\u0105 za konieczne uzupe\u0142nienie lub uaktualnienie informacji o swoim tw\u00f3rczym dorobku.<\/p>\n<p>Zamierzamy wyda\u0107 album w j\u0119zyku polskim oraz angielskim. Dodatkowym atutem maj\u0105 by\u0107 przypisane kody QR, kt\u00f3ry umo\u017cliwi\u0105 zapis wi\u0119kszej ilo\u015bci informacji na temat danej pracy i \/ lub autora. Album PPA b\u0119dzie liczy\u0142 ok 200 stron. Po uzyskaniu wystarczaj\u0105cej ilo\u015bci prac nie b\u0119dzie mo\u017cliwo\u015bci uzupe\u0142nienia albumu. R\u00f3wnocze\u015bnie pragniemy podkre\u015bli\u0107, \u017ce naszym zamiarem jest jak najpe\u0142niejsza prezentacja szczeg\u00f3lnie wa\u017cnych dla Was prac, potwierdzaj\u0105ca rol\u0119 i znaczenie wykonywania zawodu architekta we wsp\u00f3\u0142tworzeniu kultury, projektowanie architektoniczne obiekt\u00f3w budowlanych, ich przestrzennego otoczenia i przestrzeni zabudowanej Podkarpacia.<\/p>\n<div><\/div>\n","protected":false},"excerpt":{"rendered":"<p>Informujemy, i\u017c trwaj\u0105 intensywne prace nad przygotowaniem albumu \u201ePodkarpackiego Przegl\u0105du Architektury\u201d. Jest to wa\u017cne przedsi\u0119wzi\u0119cie, maj\u0105ce na celu prezentacj\u0119 dorobku podkarpackich architekt\u00f3w, b\u0119d\u0105cego \u015bwiadectwem Waszej pracy i dokona\u0144 na rzecz spo\u0142ecze\u0144stwa. Osoby, zainteresowane zamieszczeniem swoich prac w albumie, zach\u0119camy do przygotowania i przes\u0142ania materia\u0142\u00f3w w\u0142asnego autorstwa, za kt\u00f3re r\u0119cz\u0105 w\u0142asnym podpisem. Bez Waszych dzie\u0142 prezentacja [&hellip;]<\/p>\n","protected":false},"author":6,"featured_media":7254,"comment_status":"closed","ping_status":"open","sticky":false,"template":"","format":"standard","meta":{"footnotes":""},"categories":[69],"tags":[],"class_list":["post-7253","post","type-post","status-publish","format-standard","has-post-thumbnail","hentry","category-aktualnosci"],"publishpress_future_action":{"enabled":false,"date":"2026-05-05 15:23:26","action":"change-status","newStatus":"draft","terms":[],"taxonomy":"category","extraData":[]},"publishpress_future_workflow_manual_trigger":{"enabledWorkflows":[]},"_links":{"self":[{"href":"https:\/\/podkarpacka.iarp.pl\/index.php?rest_route=\/wp\/v2\/posts\/7253","targetHints":{"allow":["GET"]}}],"collection":[{"href":"https:\/\/podkarpacka.iarp.pl\/index.php?rest_route=\/wp\/v2\/posts"}],"about":[{"href":"https:\/\/podkarpacka.iarp.pl\/index.php?rest_route=\/wp\/v2\/types\/post"}],"author":[{"embeddable":true,"href":"https:\/\/podkarpacka.iarp.pl\/index.php?rest_route=\/wp\/v2\/users\/6"}],"replies":[{"embeddable":true,"href":"https:\/\/podkarpacka.iarp.pl\/index.php?rest_route=%2Fwp%2Fv2%2Fcomments&post=7253"}],"version-history":[{"count":1,"href":"https:\/\/podkarpacka.iarp.pl\/index.php?rest_route=\/wp\/v2\/posts\/7253\/revisions"}],"predecessor-version":[{"id":7255,"href":"https:\/\/podkarpacka.iarp.pl\/index.php?rest_route=\/wp\/v2\/posts\/7253\/revisions\/7255"}],"wp:featuredmedia":[{"embeddable":true,"href":"https:\/\/podkarpacka.iarp.pl\/index.php?rest_route=\/wp\/v2\/media\/7254"}],"wp:attachment":[{"href":"https:\/\/podkarpacka.iarp.pl\/index.php?rest_route=%2Fwp%2Fv2%2Fmedia&parent=7253"}],"wp:term":[{"taxonomy":"category","embeddable":true,"href":"https:\/\/podkarpacka.iarp.pl\/index.php?rest_route=%2Fwp%2Fv2%2Fcategories&post=7253"},{"taxonomy":"post_tag","embeddable":true,"href":"https:\/\/podkarpacka.iarp.pl\/index.php?rest_route=%2Fwp%2Fv2%2Ftags&post=7253"}],"curies":[{"name":"wp","href":"https:\/\/api.w.org\/{rel}","templated":true}]}}