{"id":7256,"date":"2025-07-10T13:29:38","date_gmt":"2025-07-10T11:29:38","guid":{"rendered":"https:\/\/podkarpacka.iarp.pl\/?p=7256"},"modified":"2025-07-10T13:30:53","modified_gmt":"2025-07-10T11:30:53","slug":"spotkanie-architektow-z-zastepca-prezydenta-miasta-rzeszowa-panem-grzegorzem-wrona","status":"publish","type":"post","link":"https:\/\/podkarpacka.iarp.pl\/?p=7256","title":{"rendered":"Spotkanie Architekt\u00f3w z Zast\u0119pc\u0105 Prezydenta Miasta Rzeszowa Panem Grzegorzem Wron\u0105"},"content":{"rendered":"<div>\n<p>Szanowne Kole\u017canki, Szanowni Koledzy,<\/p>\n<p>Po serii spotka\u0144 Zast\u0119pcy Prezydenta Miasta Rzeszowa, Pana Grzegorza Wrony, z przedstawicielami inwestor\u00f3w, deweloper\u00f3w oraz sp\u00f3\u0142dzielni mieszkaniowych, nadszed\u0142 czas na rozmow\u0119 z architektami \u2013 kluczowymi wsp\u00f3\u0142tw\u00f3rcami przestrzeni miejskiej, urbanistyki i budownictwa w naszym mie\u015bcie. Spotkanie b\u0119dzie dotyczy\u0107 prezentacji miasta w kluczowych dla pracy architekta dziedzinach tj. plan og\u00f3lny, ZPI, standardy architektoniczne, miejscowe plany zagospodarowania i inne.<\/p>\n<p>Serdecznie zapraszamy na spotkanie, kt\u00f3re odb\u0119dzie si\u0119 24 lipca o godz. 12:00 w Urban Lab Rzesz\u00f3w.<\/p>\n<p>Zach\u0119camy do aktywnego udzia\u0142u, przygotowania pyta\u0144 oraz wsp\u00f3lnej dyskusji o przysz\u0142o\u015bci architektury w Rzeszowie.<\/p>\n<p>Zapisy od poniedzia\u0142ku 14 lipca prowadzone b\u0119d\u0105 w biurze IARP i SARP \u2013 drog\u0105 mailow\u0105, ilo\u015b\u0107 miejsc ograniczona, decyduje kolejno\u015b\u0107 zg\u0142osze\u0144.<\/p>\n<p>Do\u00a0zobaczenia!<\/p>\n<\/div>\n<div><a href=\"https:\/\/podkarpacka.iarp.pl\/wp-content\/uploads\/2025\/07\/Spotkanie-Architektow-z-Zastepca.jpg\"><img loading=\"lazy\" decoding=\"async\" class=\"aligncenter size-large wp-image-7258\" src=\"https:\/\/podkarpacka.iarp.pl\/wp-content\/uploads\/2025\/07\/Spotkanie-Architektow-z-Zastepca-1024x579.jpg\" alt=\"\" width=\"770\" height=\"435\" srcset=\"https:\/\/podkarpacka.iarp.pl\/wp-content\/uploads\/2025\/07\/Spotkanie-Architektow-z-Zastepca-1024x579.jpg 1024w, https:\/\/podkarpacka.iarp.pl\/wp-content\/uploads\/2025\/07\/Spotkanie-Architektow-z-Zastepca-300x170.jpg 300w, https:\/\/podkarpacka.iarp.pl\/wp-content\/uploads\/2025\/07\/Spotkanie-Architektow-z-Zastepca-768x434.jpg 768w, https:\/\/podkarpacka.iarp.pl\/wp-content\/uploads\/2025\/07\/Spotkanie-Architektow-z-Zastepca-600x339.jpg 600w, https:\/\/podkarpacka.iarp.pl\/wp-content\/uploads\/2025\/07\/Spotkanie-Architektow-z-Zastepca.jpg 1472w\" sizes=\"auto, (max-width: 770px) 100vw, 770px\" \/><\/a><\/div>\n","protected":false},"excerpt":{"rendered":"<p>Szanowne Kole\u017canki, Szanowni Koledzy, Po serii spotka\u0144 Zast\u0119pcy Prezydenta Miasta Rzeszowa, Pana Grzegorza Wrony, z przedstawicielami inwestor\u00f3w, deweloper\u00f3w oraz sp\u00f3\u0142dzielni mieszkaniowych, nadszed\u0142 czas na rozmow\u0119 z architektami \u2013 kluczowymi wsp\u00f3\u0142tw\u00f3rcami przestrzeni miejskiej, urbanistyki i budownictwa w naszym mie\u015bcie. Spotkanie b\u0119dzie dotyczy\u0107 prezentacji miasta w kluczowych dla pracy architekta dziedzinach tj. plan og\u00f3lny, ZPI, standardy architektoniczne, [&hellip;]<\/p>\n","protected":false},"author":6,"featured_media":7258,"comment_status":"closed","ping_status":"open","sticky":false,"template":"","format":"standard","meta":{"footnotes":""},"categories":[56],"tags":[],"class_list":["post-7256","post","type-post","status-publish","format-standard","has-post-thumbnail","hentry","category-informacje-rady"],"publishpress_future_action":{"enabled":false,"date":"2026-05-08 00:11:27","action":"change-status","newStatus":"draft","terms":[],"taxonomy":"category","extraData":[]},"publishpress_future_workflow_manual_trigger":{"enabledWorkflows":[]},"_links":{"self":[{"href":"https:\/\/podkarpacka.iarp.pl\/index.php?rest_route=\/wp\/v2\/posts\/7256","targetHints":{"allow":["GET"]}}],"collection":[{"href":"https:\/\/podkarpacka.iarp.pl\/index.php?rest_route=\/wp\/v2\/posts"}],"about":[{"href":"https:\/\/podkarpacka.iarp.pl\/index.php?rest_route=\/wp\/v2\/types\/post"}],"author":[{"embeddable":true,"href":"https:\/\/podkarpacka.iarp.pl\/index.php?rest_route=\/wp\/v2\/users\/6"}],"replies":[{"embeddable":true,"href":"https:\/\/podkarpacka.iarp.pl\/index.php?rest_route=%2Fwp%2Fv2%2Fcomments&post=7256"}],"version-history":[{"count":3,"href":"https:\/\/podkarpacka.iarp.pl\/index.php?rest_route=\/wp\/v2\/posts\/7256\/revisions"}],"predecessor-version":[{"id":7260,"href":"https:\/\/podkarpacka.iarp.pl\/index.php?rest_route=\/wp\/v2\/posts\/7256\/revisions\/7260"}],"wp:featuredmedia":[{"embeddable":true,"href":"https:\/\/podkarpacka.iarp.pl\/index.php?rest_route=\/wp\/v2\/media\/7258"}],"wp:attachment":[{"href":"https:\/\/podkarpacka.iarp.pl\/index.php?rest_route=%2Fwp%2Fv2%2Fmedia&parent=7256"}],"wp:term":[{"taxonomy":"category","embeddable":true,"href":"https:\/\/podkarpacka.iarp.pl\/index.php?rest_route=%2Fwp%2Fv2%2Fcategories&post=7256"},{"taxonomy":"post_tag","embeddable":true,"href":"https:\/\/podkarpacka.iarp.pl\/index.php?rest_route=%2Fwp%2Fv2%2Ftags&post=7256"}],"curies":[{"name":"wp","href":"https:\/\/api.w.org\/{rel}","templated":true}]}}