{"id":7262,"date":"2025-07-20T11:24:10","date_gmt":"2025-07-20T09:24:10","guid":{"rendered":"https:\/\/podkarpacka.iarp.pl\/?p=7262"},"modified":"2025-07-20T11:24:10","modified_gmt":"2025-07-20T09:24:10","slug":"zmiana-terminu-spotkania-z-panem-prezydentem-grzegorzem-wrona","status":"publish","type":"post","link":"https:\/\/podkarpacka.iarp.pl\/?p=7262","title":{"rendered":"Zmiana terminu Spotkania z Panem Prezydentem Grzegorzem Wron\u0105"},"content":{"rendered":"<div>\n<p><strong>Szanowne Kole\u017canki, Szanowni Koledzy,<\/strong><\/p>\n<p>uprzejmie informujemy, \u017ce planowane spotkanie z Zast\u0119pc\u0105 Prezydenta Miasta Rzeszowa, Panem Grzegorzem Wron\u0105, zosta\u0142o prze\u0142o\u017cone na pro\u015bb\u0119 Pana Prezydenta.<br \/>\nO nowym terminie oraz wszelkich zmianach zwi\u0105zanych z wydarzeniem b\u0119dziemy informowa\u0107 na bie\u017c\u0105co.<\/p>\n<p>Dzi\u0119kujemy za wyrozumia\u0142o\u015b\u0107 i pozostajemy w kontakcie.<\/p>\n<\/div>\n<div><\/div>\n","protected":false},"excerpt":{"rendered":"<p>Szanowne Kole\u017canki, Szanowni Koledzy, uprzejmie informujemy, \u017ce planowane spotkanie z Zast\u0119pc\u0105 Prezydenta Miasta Rzeszowa, Panem Grzegorzem Wron\u0105, zosta\u0142o prze\u0142o\u017cone na pro\u015bb\u0119 Pana Prezydenta. O nowym terminie oraz wszelkich zmianach zwi\u0105zanych z wydarzeniem b\u0119dziemy informowa\u0107 na bie\u017c\u0105co. Dzi\u0119kujemy za wyrozumia\u0142o\u015b\u0107 i pozostajemy w kontakcie.<\/p>\n","protected":false},"author":6,"featured_media":4549,"comment_status":"closed","ping_status":"open","sticky":false,"template":"","format":"standard","meta":{"footnotes":""},"categories":[69],"tags":[],"class_list":["post-7262","post","type-post","status-publish","format-standard","has-post-thumbnail","hentry","category-aktualnosci"],"publishpress_future_action":{"enabled":false,"date":"2026-05-05 13:54:59","action":"change-status","newStatus":"draft","terms":[],"taxonomy":"category","extraData":[]},"publishpress_future_workflow_manual_trigger":{"enabledWorkflows":[]},"_links":{"self":[{"href":"https:\/\/podkarpacka.iarp.pl\/index.php?rest_route=\/wp\/v2\/posts\/7262","targetHints":{"allow":["GET"]}}],"collection":[{"href":"https:\/\/podkarpacka.iarp.pl\/index.php?rest_route=\/wp\/v2\/posts"}],"about":[{"href":"https:\/\/podkarpacka.iarp.pl\/index.php?rest_route=\/wp\/v2\/types\/post"}],"author":[{"embeddable":true,"href":"https:\/\/podkarpacka.iarp.pl\/index.php?rest_route=\/wp\/v2\/users\/6"}],"replies":[{"embeddable":true,"href":"https:\/\/podkarpacka.iarp.pl\/index.php?rest_route=%2Fwp%2Fv2%2Fcomments&post=7262"}],"version-history":[{"count":1,"href":"https:\/\/podkarpacka.iarp.pl\/index.php?rest_route=\/wp\/v2\/posts\/7262\/revisions"}],"predecessor-version":[{"id":7263,"href":"https:\/\/podkarpacka.iarp.pl\/index.php?rest_route=\/wp\/v2\/posts\/7262\/revisions\/7263"}],"wp:featuredmedia":[{"embeddable":true,"href":"https:\/\/podkarpacka.iarp.pl\/index.php?rest_route=\/wp\/v2\/media\/4549"}],"wp:attachment":[{"href":"https:\/\/podkarpacka.iarp.pl\/index.php?rest_route=%2Fwp%2Fv2%2Fmedia&parent=7262"}],"wp:term":[{"taxonomy":"category","embeddable":true,"href":"https:\/\/podkarpacka.iarp.pl\/index.php?rest_route=%2Fwp%2Fv2%2Fcategories&post=7262"},{"taxonomy":"post_tag","embeddable":true,"href":"https:\/\/podkarpacka.iarp.pl\/index.php?rest_route=%2Fwp%2Fv2%2Ftags&post=7262"}],"curies":[{"name":"wp","href":"https:\/\/api.w.org\/{rel}","templated":true}]}}