{"id":7267,"date":"2025-08-18T13:03:11","date_gmt":"2025-08-18T11:03:11","guid":{"rendered":"https:\/\/podkarpacka.iarp.pl\/?p=7267"},"modified":"2025-08-18T15:06:13","modified_gmt":"2025-08-18T13:06:13","slug":"wyjazd-szkoleniowy-10-12-wrzesnia","status":"publish","type":"post","link":"https:\/\/podkarpacka.iarp.pl\/?p=7267","title":{"rendered":"Wyjazd szkoleniowy, 17\u201319 wrze\u015bnia"},"content":{"rendered":"<p>W dniach 17\u201319 wrze\u015bnia Zesp\u00f3\u0142 Szkoleniowy serdecznie zaprasza do udzia\u0142u w wyjazdowym szkoleniu po\u0142\u0105czonym z cz\u0119\u015bci\u0105 integracyjn\u0105, organizowanym we wsp\u00f3\u0142pracy z naszym g\u0142\u00f3wnym sponsorem \u2013 firm\u0105 Blachotrapez.<br \/>\nTo wyj\u0105tkowa okazja, aby poszerzy\u0107 wiedz\u0119, wymieni\u0107 do\u015bwiadczenia oraz zacie\u015bni\u0107 relacje w inspiruj\u0105cym otoczeniu.<br \/>\nZapisy zostan\u0105 uruchomione pod koniec tygodnia \u2013 ju\u017c dzi\u015b zach\u0119camy do zarezerwowania tego terminu\u00a0w\u00a0kalendarzu.<\/p>\n<p><a href=\"https:\/\/podkarpacka.iarp.pl\/wp-content\/uploads\/2025\/08\/wycieczka-integracyjna_szkolenie-architektow-stworz-stonowany-obrazek-w-odcieniach-zieleni-i-bieli-grafike-z-postaciami-kobietami-i-mezczyznami-osoby-siedzace-pod-wiata.jpg\"><img loading=\"lazy\" decoding=\"async\" class=\"aligncenter size-large wp-image-7268\" src=\"https:\/\/podkarpacka.iarp.pl\/wp-content\/uploads\/2025\/08\/wycieczka-integracyjna_szkolenie-architektow-stworz-stonowany-obrazek-w-odcieniach-zieleni-i-bieli-grafike-z-postaciami-kobietami-i-mezczyznami-osoby-siedzace-pod-wiata-1024x579.jpg\" alt=\"\" width=\"770\" height=\"435\" srcset=\"https:\/\/podkarpacka.iarp.pl\/wp-content\/uploads\/2025\/08\/wycieczka-integracyjna_szkolenie-architektow-stworz-stonowany-obrazek-w-odcieniach-zieleni-i-bieli-grafike-z-postaciami-kobietami-i-mezczyznami-osoby-siedzace-pod-wiata-1024x579.jpg 1024w, https:\/\/podkarpacka.iarp.pl\/wp-content\/uploads\/2025\/08\/wycieczka-integracyjna_szkolenie-architektow-stworz-stonowany-obrazek-w-odcieniach-zieleni-i-bieli-grafike-z-postaciami-kobietami-i-mezczyznami-osoby-siedzace-pod-wiata-300x170.jpg 300w, https:\/\/podkarpacka.iarp.pl\/wp-content\/uploads\/2025\/08\/wycieczka-integracyjna_szkolenie-architektow-stworz-stonowany-obrazek-w-odcieniach-zieleni-i-bieli-grafike-z-postaciami-kobietami-i-mezczyznami-osoby-siedzace-pod-wiata-768x434.jpg 768w, https:\/\/podkarpacka.iarp.pl\/wp-content\/uploads\/2025\/08\/wycieczka-integracyjna_szkolenie-architektow-stworz-stonowany-obrazek-w-odcieniach-zieleni-i-bieli-grafike-z-postaciami-kobietami-i-mezczyznami-osoby-siedzace-pod-wiata.jpg 1472w\" sizes=\"auto, (max-width: 770px) 100vw, 770px\" \/><\/a><\/p>\n","protected":false},"excerpt":{"rendered":"<p>W dniach 17\u201319 wrze\u015bnia Zesp\u00f3\u0142 Szkoleniowy serdecznie zaprasza do udzia\u0142u w wyjazdowym szkoleniu po\u0142\u0105czonym z cz\u0119\u015bci\u0105 integracyjn\u0105, organizowanym we wsp\u00f3\u0142pracy z naszym g\u0142\u00f3wnym sponsorem \u2013 firm\u0105 Blachotrapez. To wyj\u0105tkowa okazja, aby poszerzy\u0107 wiedz\u0119, wymieni\u0107 do\u015bwiadczenia oraz zacie\u015bni\u0107 relacje w inspiruj\u0105cym otoczeniu. Zapisy zostan\u0105 uruchomione pod koniec tygodnia \u2013 ju\u017c dzi\u015b zach\u0119camy do zarezerwowania tego terminu\u00a0w\u00a0kalendarzu.<\/p>\n","protected":false},"author":6,"featured_media":4551,"comment_status":"closed","ping_status":"open","sticky":false,"template":"","format":"standard","meta":{"footnotes":""},"categories":[57],"tags":[],"class_list":["post-7267","post","type-post","status-publish","format-standard","has-post-thumbnail","hentry","category-szkolenia"],"publishpress_future_action":{"enabled":false,"date":"2026-05-04 21:00:26","action":"change-status","newStatus":"draft","terms":[],"taxonomy":"category","extraData":[]},"publishpress_future_workflow_manual_trigger":{"enabledWorkflows":[]},"_links":{"self":[{"href":"https:\/\/podkarpacka.iarp.pl\/index.php?rest_route=\/wp\/v2\/posts\/7267","targetHints":{"allow":["GET"]}}],"collection":[{"href":"https:\/\/podkarpacka.iarp.pl\/index.php?rest_route=\/wp\/v2\/posts"}],"about":[{"href":"https:\/\/podkarpacka.iarp.pl\/index.php?rest_route=\/wp\/v2\/types\/post"}],"author":[{"embeddable":true,"href":"https:\/\/podkarpacka.iarp.pl\/index.php?rest_route=\/wp\/v2\/users\/6"}],"replies":[{"embeddable":true,"href":"https:\/\/podkarpacka.iarp.pl\/index.php?rest_route=%2Fwp%2Fv2%2Fcomments&post=7267"}],"version-history":[{"count":2,"href":"https:\/\/podkarpacka.iarp.pl\/index.php?rest_route=\/wp\/v2\/posts\/7267\/revisions"}],"predecessor-version":[{"id":7270,"href":"https:\/\/podkarpacka.iarp.pl\/index.php?rest_route=\/wp\/v2\/posts\/7267\/revisions\/7270"}],"wp:featuredmedia":[{"embeddable":true,"href":"https:\/\/podkarpacka.iarp.pl\/index.php?rest_route=\/wp\/v2\/media\/4551"}],"wp:attachment":[{"href":"https:\/\/podkarpacka.iarp.pl\/index.php?rest_route=%2Fwp%2Fv2%2Fmedia&parent=7267"}],"wp:term":[{"taxonomy":"category","embeddable":true,"href":"https:\/\/podkarpacka.iarp.pl\/index.php?rest_route=%2Fwp%2Fv2%2Fcategories&post=7267"},{"taxonomy":"post_tag","embeddable":true,"href":"https:\/\/podkarpacka.iarp.pl\/index.php?rest_route=%2Fwp%2Fv2%2Ftags&post=7267"}],"curies":[{"name":"wp","href":"https:\/\/api.w.org\/{rel}","templated":true}]}}