{"id":7372,"date":"2025-10-28T17:12:19","date_gmt":"2025-10-28T15:12:19","guid":{"rendered":"https:\/\/podkarpacka.iarp.pl\/?p=7372"},"modified":"2025-10-28T19:43:14","modified_gmt":"2025-10-28T17:43:14","slug":"zmarl-nasz-kolega","status":"publish","type":"post","link":"https:\/\/podkarpacka.iarp.pl\/?p=7372","title":{"rendered":"Zmar\u0142 nasz kolega Wies\u0142aw Pankiewicz"},"content":{"rendered":"<p style=\"font-weight: 400;\">Ze smutkiem informujemy, \u017ce dnia 17 pa\u017adziernika zmar\u0142 Pan architekt Wies\u0142aw Pankiewicz.<\/p>\n<p style=\"font-weight: 400;\">Uroczysto\u015bci pogrzebowe odb\u0119d\u0105 si\u0119 na cmentarzu Pobitno w Rzeszowie 30 pa\u017adziernika 2025 o godzinie 12.30.<\/p>\n","protected":false},"excerpt":{"rendered":"<p>Ze smutkiem informujemy, \u017ce dnia 17 pa\u017adziernika zmar\u0142 Pan architekt Wies\u0142aw Pankiewicz. Uroczysto\u015bci pogrzebowe odb\u0119d\u0105 si\u0119 na cmentarzu Pobitno w Rzeszowie 30 pa\u017adziernika 2025 o godzinie 12.30.<\/p>\n","protected":false},"author":6,"featured_media":4554,"comment_status":"closed","ping_status":"open","sticky":false,"template":"","format":"standard","meta":{"footnotes":""},"categories":[56],"tags":[],"class_list":["post-7372","post","type-post","status-publish","format-standard","has-post-thumbnail","hentry","category-informacje-rady"],"publishpress_future_action":{"enabled":false,"date":"2026-05-08 00:12:21","action":"change-status","newStatus":"draft","terms":[],"taxonomy":"category","extraData":[]},"publishpress_future_workflow_manual_trigger":{"enabledWorkflows":[]},"_links":{"self":[{"href":"https:\/\/podkarpacka.iarp.pl\/index.php?rest_route=\/wp\/v2\/posts\/7372","targetHints":{"allow":["GET"]}}],"collection":[{"href":"https:\/\/podkarpacka.iarp.pl\/index.php?rest_route=\/wp\/v2\/posts"}],"about":[{"href":"https:\/\/podkarpacka.iarp.pl\/index.php?rest_route=\/wp\/v2\/types\/post"}],"author":[{"embeddable":true,"href":"https:\/\/podkarpacka.iarp.pl\/index.php?rest_route=\/wp\/v2\/users\/6"}],"replies":[{"embeddable":true,"href":"https:\/\/podkarpacka.iarp.pl\/index.php?rest_route=%2Fwp%2Fv2%2Fcomments&post=7372"}],"version-history":[{"count":3,"href":"https:\/\/podkarpacka.iarp.pl\/index.php?rest_route=\/wp\/v2\/posts\/7372\/revisions"}],"predecessor-version":[{"id":7375,"href":"https:\/\/podkarpacka.iarp.pl\/index.php?rest_route=\/wp\/v2\/posts\/7372\/revisions\/7375"}],"wp:featuredmedia":[{"embeddable":true,"href":"https:\/\/podkarpacka.iarp.pl\/index.php?rest_route=\/wp\/v2\/media\/4554"}],"wp:attachment":[{"href":"https:\/\/podkarpacka.iarp.pl\/index.php?rest_route=%2Fwp%2Fv2%2Fmedia&parent=7372"}],"wp:term":[{"taxonomy":"category","embeddable":true,"href":"https:\/\/podkarpacka.iarp.pl\/index.php?rest_route=%2Fwp%2Fv2%2Fcategories&post=7372"},{"taxonomy":"post_tag","embeddable":true,"href":"https:\/\/podkarpacka.iarp.pl\/index.php?rest_route=%2Fwp%2Fv2%2Ftags&post=7372"}],"curies":[{"name":"wp","href":"https:\/\/api.w.org\/{rel}","templated":true}]}}