{"id":7376,"date":"2025-11-02T13:24:02","date_gmt":"2025-11-02T11:24:02","guid":{"rendered":"https:\/\/podkarpacka.iarp.pl\/?p=7376"},"modified":"2025-11-02T13:33:25","modified_gmt":"2025-11-02T11:33:25","slug":"szkolenie-architektura-bezpieczenstwa","status":"publish","type":"post","link":"https:\/\/podkarpacka.iarp.pl\/?p=7376","title":{"rendered":"Szkolenie &#8220;Architektura bezpiecze\u0144stwa&#8221;"},"content":{"rendered":"<p>Podkarpacka Okr\u0119gowa Izba Architekt\u00f3w RP ma zaszczyt zaprosi\u0107 wszystkich swoich cz\u0142onk\u00f3w na bezp\u0142atne, certyfikowane szkolenie IARP po\u015bwi\u0119cone aktualnym standardom projektowania, ze szczeg\u00f3lnym uwzgl\u0119dnieniem roli architektury jako bezpiecznego schronienia cz\u0142owieka.<\/p>\n<p><img decoding=\"async\" class=\"an1\" draggable=\"false\" src=\"https:\/\/fonts.gstatic.com\/s\/e\/notoemoji\/16.0\/1f3db_fe0f\/32.png\" alt=\"\ud83c\udfdb\ufe0f\" data-emoji=\"\ud83c\udfdb\ufe0f\" aria-label=\"\ud83c\udfdb\ufe0f\" \/>\u00a0Temat szkolenia: Architektura bezpiecze\u0144stwa<\/p>\n<p><img decoding=\"async\" class=\"an1\" draggable=\"false\" src=\"https:\/\/fonts.gstatic.com\/s\/e\/notoemoji\/16.0\/1f464\/32.png\" alt=\"\ud83d\udc64\" data-emoji=\"\ud83d\udc64\" aria-label=\"\ud83d\udc64\" \/>\u00a0Prowadz\u0105cy:<br \/>\ndr in\u017c. arch. Maciej Jamro\u017cy \u2013 architekt IARP z do\u015bwiadczeniem w projektowaniu obiekt\u00f3w o podwy\u017cszonych wymaganiach technicznych, realizowanych m.in. dla s\u0142u\u017cb mundurowych i administracji publicznej. Specjalizuje si\u0119 w projektowaniu budownictwa ochronnego.<\/p>\n<p><img decoding=\"async\" class=\"an1\" draggable=\"false\" src=\"https:\/\/fonts.gstatic.com\/s\/e\/notoemoji\/16.0\/1f5d3_fe0f\/32.png\" alt=\"\ud83d\uddd3\ufe0f\" data-emoji=\"\ud83d\uddd3\ufe0f\" aria-label=\"\ud83d\uddd3\ufe0f\" \/>\u00a0Termin: 6 listopada (\u015broda)<br \/>\n<img decoding=\"async\" class=\"an1\" draggable=\"false\" src=\"https:\/\/fonts.gstatic.com\/s\/e\/notoemoji\/16.0\/1f552\/32.png\" alt=\"\ud83d\udd52\" data-emoji=\"\ud83d\udd52\" aria-label=\"\ud83d\udd52\" \/>\u00a0Godzina: 15:00<br \/>\n<img decoding=\"async\" class=\"an1\" draggable=\"false\" src=\"https:\/\/fonts.gstatic.com\/s\/e\/notoemoji\/16.0\/1f4cd\/32.png\" alt=\"\ud83d\udccd\" data-emoji=\"\ud83d\udccd\" aria-label=\"\ud83d\udccd\" \/>\u00a0Miejsce: siedziba PKOIA RP, Rynek 8, Rzesz\u00f3w<\/p>\n<p>Szkolenie jest dedykowane wszystkim architektom IARP, kt\u00f3rzy opracowuj\u0105 projekty budynk\u00f3w mieszkalnych, us\u0142ugowych i u\u017cyteczno\u015bci publicznej \u2014 a tak\u017ce tym, kt\u00f3rzy chc\u0105 pog\u0142\u0119bi\u0107 wiedz\u0119 o bezpiecze\u0144stwie, odporno\u015bci i trwa\u0142o\u015bci architektury.<\/p>\n<p><img decoding=\"async\" class=\"an1\" draggable=\"false\" src=\"https:\/\/fonts.gstatic.com\/s\/e\/notoemoji\/16.0\/1f449\/32.png\" alt=\"\ud83d\udc49\" data-emoji=\"\ud83d\udc49\" aria-label=\"\ud83d\udc49\" \/>\u00a0Program szkolenia oraz link do rejestracji:<br \/>\n<a href=\"https:\/\/szkolenia.iarp.pl\/szkolenie\/1637\" target=\"_blank\" rel=\"noopener\" data-saferedirecturl=\"https:\/\/www.google.com\/url?q=https:\/\/szkolenia.iarp.pl\/szkolenie\/1637&amp;source=gmail&amp;ust=1762167528814000&amp;usg=AOvVaw3qm2cMgkhhCZx16rTjh4Zk\">https:\/\/szkolenia.iarp.pl\/<wbr \/>szkolenie\/1637<\/a><\/p>\n<p>&nbsp;<\/p>\n<p><a href=\"https:\/\/podkarpacka.iarp.pl\/wp-content\/uploads\/2025\/11\/plakat-shelter_2-scaled.jpg\"><img loading=\"lazy\" decoding=\"async\" class=\"aligncenter size-large wp-image-7379\" src=\"https:\/\/podkarpacka.iarp.pl\/wp-content\/uploads\/2025\/11\/plakat-shelter_2-scaled-724x1024.jpg\" alt=\"\" width=\"724\" height=\"1024\" srcset=\"https:\/\/podkarpacka.iarp.pl\/wp-content\/uploads\/2025\/11\/plakat-shelter_2-scaled-724x1024.jpg 724w, https:\/\/podkarpacka.iarp.pl\/wp-content\/uploads\/2025\/11\/plakat-shelter_2-scaled-212x300.jpg 212w, https:\/\/podkarpacka.iarp.pl\/wp-content\/uploads\/2025\/11\/plakat-shelter_2-768x1086.jpg 768w, https:\/\/podkarpacka.iarp.pl\/wp-content\/uploads\/2025\/11\/plakat-shelter_2-1086x1536.jpg 1086w, https:\/\/podkarpacka.iarp.pl\/wp-content\/uploads\/2025\/11\/plakat-shelter_2-1448x2048.jpg 1448w, https:\/\/podkarpacka.iarp.pl\/wp-content\/uploads\/2025\/11\/plakat-shelter_2-scaled-600x849.jpg 600w, https:\/\/podkarpacka.iarp.pl\/wp-content\/uploads\/2025\/11\/plakat-shelter_2-scaled.jpg 1810w\" sizes=\"auto, (max-width: 724px) 100vw, 724px\" \/><\/a><\/p>\n","protected":false},"excerpt":{"rendered":"<p>Podkarpacka Okr\u0119gowa Izba Architekt\u00f3w RP ma zaszczyt zaprosi\u0107 wszystkich swoich cz\u0142onk\u00f3w na bezp\u0142atne, certyfikowane szkolenie IARP po\u015bwi\u0119cone aktualnym standardom projektowania, ze szczeg\u00f3lnym uwzgl\u0119dnieniem roli architektury jako bezpiecznego schronienia cz\u0142owieka. \u00a0Temat szkolenia: Architektura bezpiecze\u0144stwa \u00a0Prowadz\u0105cy: dr in\u017c. arch. Maciej Jamro\u017cy \u2013 architekt IARP z do\u015bwiadczeniem w projektowaniu obiekt\u00f3w o podwy\u017cszonych wymaganiach technicznych, realizowanych m.in. dla s\u0142u\u017cb [&hellip;]<\/p>\n","protected":false},"author":6,"featured_media":7379,"comment_status":"closed","ping_status":"open","sticky":false,"template":"","format":"standard","meta":{"footnotes":""},"categories":[57],"tags":[],"class_list":["post-7376","post","type-post","status-publish","format-standard","has-post-thumbnail","hentry","category-szkolenia"],"publishpress_future_action":{"enabled":false,"date":"2026-05-04 20:59:41","action":"change-status","newStatus":"draft","terms":[],"taxonomy":"category","extraData":[]},"publishpress_future_workflow_manual_trigger":{"enabledWorkflows":[]},"_links":{"self":[{"href":"https:\/\/podkarpacka.iarp.pl\/index.php?rest_route=\/wp\/v2\/posts\/7376","targetHints":{"allow":["GET"]}}],"collection":[{"href":"https:\/\/podkarpacka.iarp.pl\/index.php?rest_route=\/wp\/v2\/posts"}],"about":[{"href":"https:\/\/podkarpacka.iarp.pl\/index.php?rest_route=\/wp\/v2\/types\/post"}],"author":[{"embeddable":true,"href":"https:\/\/podkarpacka.iarp.pl\/index.php?rest_route=\/wp\/v2\/users\/6"}],"replies":[{"embeddable":true,"href":"https:\/\/podkarpacka.iarp.pl\/index.php?rest_route=%2Fwp%2Fv2%2Fcomments&post=7376"}],"version-history":[{"count":3,"href":"https:\/\/podkarpacka.iarp.pl\/index.php?rest_route=\/wp\/v2\/posts\/7376\/revisions"}],"predecessor-version":[{"id":7380,"href":"https:\/\/podkarpacka.iarp.pl\/index.php?rest_route=\/wp\/v2\/posts\/7376\/revisions\/7380"}],"wp:featuredmedia":[{"embeddable":true,"href":"https:\/\/podkarpacka.iarp.pl\/index.php?rest_route=\/wp\/v2\/media\/7379"}],"wp:attachment":[{"href":"https:\/\/podkarpacka.iarp.pl\/index.php?rest_route=%2Fwp%2Fv2%2Fmedia&parent=7376"}],"wp:term":[{"taxonomy":"category","embeddable":true,"href":"https:\/\/podkarpacka.iarp.pl\/index.php?rest_route=%2Fwp%2Fv2%2Fcategories&post=7376"},{"taxonomy":"post_tag","embeddable":true,"href":"https:\/\/podkarpacka.iarp.pl\/index.php?rest_route=%2Fwp%2Fv2%2Ftags&post=7376"}],"curies":[{"name":"wp","href":"https:\/\/api.w.org\/{rel}","templated":true}]}}