{"id":7383,"date":"2025-11-13T17:09:50","date_gmt":"2025-11-13T15:09:50","guid":{"rendered":"https:\/\/podkarpacka.iarp.pl\/?p=7383"},"modified":"2025-11-13T17:13:39","modified_gmt":"2025-11-13T15:13:39","slug":"7383","status":"publish","type":"post","link":"https:\/\/podkarpacka.iarp.pl\/?p=7383","title":{"rendered":""},"content":{"rendered":"<p>Z rado\u015bci\u0105 og\u0142aszamy start <strong>corocznego konkursu &#8220;DZIECI\u0118CY ARCHI-CHRISTMAS 2025&#8221;<\/strong> na &#8220;ARCHITEKTONICZN\u0104 OZDOB\u0118 \u015aWI\u0104TECZN\u0104&#8221;! \ud83c\udf84<\/p>\n<p>Zapraszamy do udzia\u0142u wszystkie <strong>dzieci, wnuki, siostrze\u0144c\u00f3w i bratank\u00f3w Cz\u0142onk\u00f3w Podkarpackiej Okr\u0119gowej Izby Architekt\u00f3w oraz SARP O. Rzesz\u00f3w<\/strong> w wieku od 3 do 18 lat. To \u015bwietna okazja, by pu\u015bci\u0107 wodze fantazji i stworzy\u0107 wyj\u0105tkow\u0105, architektoniczn\u0105 ozdob\u0119, kt\u00f3ra wprowadzi nas w magiczny, \u015bwi\u0105teczny nastr\u00f3j! \u2728<\/p>\n<p>&nbsp;<\/p>\n<p><strong>Co nale\u017cy przygotowa\u0107?<\/strong><\/p>\n<ul>\n<li><strong>Tematyka:<\/strong> Architektoniczna ozdoba \u015bwi\u0105teczna (rodzaj i charakter dowolny).<\/li>\n<li><strong>Technika:<\/strong> Dowolna.<\/li>\n<li><strong>Liczba prac:<\/strong> Nieograniczona \u2014 ka\u017cdy Uczestnik mo\u017ce zg\u0142osi\u0107 dowoln\u0105 liczb\u0119 prac.<\/li>\n<li><strong>Oznaczenie:<\/strong> Ka\u017cd\u0105 prac\u0119 nale\u017cy opisa\u0107, podaj\u0105c imi\u0119, nazwisko oraz wiek Uczestnika.<\/li>\n<\/ul>\n<p><strong>Najwa\u017cniejsze Terminy:<\/strong><\/p>\n<ul>\n<li><strong>Termin z\u0142o\u017cenia prac:<\/strong> Od <strong>8 grudnia 2025 r. do 12 grudnia 2025 r.<\/strong>.<\/li>\n<li><strong>Miejsce sk\u0142adania:<\/strong> Siedziba PKOIA i SARP O. Rzesz\u00f3w, ul. Rynek 8, w godzinach pracy biura.<\/li>\n<li><strong>Sk\u0142adanie prac:<\/strong> Na Uczestnik\u00f3w czeka w siedzibie \u015bwi\u0105teczna choinka udekorowana s\u0142odyczami. Jedna praca = jedna &#8220;s\u0142odko\u015b\u0107&#8221; do zawieszenia w miejscu odebranej niespodzianki!<\/li>\n<\/ul>\n<p><strong>Co na Was czeka?<\/strong><\/p>\n<ul>\n<li><strong>Nagrody rzeczowe-niespodzianki<\/strong> dla Uczestnik\u00f3w.<\/li>\n<li><strong>Dwie g\u0142\u00f3wne nagrody!<\/strong> Zdj\u0119cia najwy\u017cej ocenionych prac zostan\u0105 umieszczone na oficjalnych kartkach \u015bwi\u0105tecznych i noworocznych PKOIA i SARP O. Rzesz\u00f3w!<\/li>\n<li><strong>Og\u0142oszenie wynik\u00f3w:<\/strong> <strong>18 grudnia 2025 r.<\/strong> o godz. 17:00 w siedzibie Organizator\u00f3w (ul. Rynek 8). Wyniki zostan\u0105 r\u00f3wnie\u017c opublikowane na stronach www PKOIA i SARP oraz na naszym FB.<\/li>\n<\/ul>\n<p>&nbsp;<\/p>\n<p>Prosimy o zapoznanie si\u0119 z pe\u0142nym Regulaminem Konkursu!<\/p>\n<p>Pami\u0119tajcie, \u017ce bior\u0105c udzia\u0142, Opiekunowie wyra\u017caj\u0105 zgod\u0119 na przetwarzanie danych osobowych Uczestnik\u00f3w.<\/p>\n<p>Liczymy na Wasz\u0105 kreatywno\u015b\u0107 i z niecierpliwo\u015bci\u0105 czekamy na architektoniczne cuda!<\/p>\n<p>&nbsp;<\/p>\n<div class='w3eden'><!-- WPDM Link Template: Default Template -->\n\n<div class=\"link-template-default card mb-2\">\n    <div class=\"card-body\">\n        <div class=\"media\">\n            <div class=\"mr-3 img-48\"><img decoding=\"async\" class=\"wpdm_icon\" alt=\"Ikonka\" src=\"https:\/\/podkarpacka.iarp.pl\/wp-content\/plugins\/download-manager\/assets\/file-type-icons\/pdf.svg\" \/><\/div>\n            <div class=\"media-body\">\n                <h3 class=\"package-title\"><a href='https:\/\/podkarpacka.iarp.pl\/?wpdmpro=regulamin-konkurs-archichristmas-2025'>Regulamin konkurs archichristmas 2025<\/a><\/h3>\n                <div class=\"text-muted text-small\"><i class=\"fas fa-copy\"><\/i> 1 plik(i) <i class=\"fas fa-hdd ml-3\"><\/i> 227.84 KB<\/div>\n            <\/div>\n            <div class=\"ml-3\">\n                <a class='wpdm-download-link download-on-click btn btn-primary ' rel='nofollow' href='#' data-downloadurl=\"https:\/\/podkarpacka.iarp.pl\/?wpdmpro=regulamin-konkurs-archichristmas-2025&wpdmdl=7384&refresh=69f20eead78a31777471210\">Pobierz<\/a>\n            <\/div>\n        <\/div>\n    <\/div>\n<\/div>\n\n<\/div>\n<p><a href=\"https:\/\/podkarpacka.iarp.pl\/wp-content\/uploads\/2025\/11\/post-strona.png\"><img loading=\"lazy\" decoding=\"async\" class=\"aligncenter size-large wp-image-7386\" src=\"https:\/\/podkarpacka.iarp.pl\/wp-content\/uploads\/2025\/11\/post-strona-747x1024.png\" alt=\"\" width=\"747\" height=\"1024\" srcset=\"https:\/\/podkarpacka.iarp.pl\/wp-content\/uploads\/2025\/11\/post-strona-747x1024.png 747w, https:\/\/podkarpacka.iarp.pl\/wp-content\/uploads\/2025\/11\/post-strona-219x300.png 219w, https:\/\/podkarpacka.iarp.pl\/wp-content\/uploads\/2025\/11\/post-strona-768x1052.png 768w, https:\/\/podkarpacka.iarp.pl\/wp-content\/uploads\/2025\/11\/post-strona.png 864w\" sizes=\"auto, (max-width: 747px) 100vw, 747px\" \/><\/a><\/p>\n","protected":false},"excerpt":{"rendered":"<p>Z rado\u015bci\u0105 og\u0142aszamy start corocznego konkursu &#8220;DZIECI\u0118CY ARCHI-CHRISTMAS 2025&#8221; na &#8220;ARCHITEKTONICZN\u0104 OZDOB\u0118 \u015aWI\u0104TECZN\u0104&#8221;! \ud83c\udf84 Zapraszamy do udzia\u0142u wszystkie dzieci, wnuki, siostrze\u0144c\u00f3w i bratank\u00f3w Cz\u0142onk\u00f3w Podkarpackiej Okr\u0119gowej Izby Architekt\u00f3w oraz SARP O. Rzesz\u00f3w w wieku od 3 do 18 lat. To \u015bwietna okazja, by pu\u015bci\u0107 wodze fantazji i stworzy\u0107 wyj\u0105tkow\u0105, architektoniczn\u0105 ozdob\u0119, kt\u00f3ra wprowadzi nas w [&hellip;]<\/p>\n","protected":false},"author":6,"featured_media":7387,"comment_status":"closed","ping_status":"open","sticky":false,"template":"","format":"standard","meta":{"footnotes":""},"categories":[62],"tags":[],"class_list":["post-7383","post","type-post","status-publish","format-standard","has-post-thumbnail","hentry","category-konkursy"],"publishpress_future_action":{"enabled":false,"date":"2026-05-06 15:00:10","action":"change-status","newStatus":"draft","terms":[],"taxonomy":"category","extraData":[]},"publishpress_future_workflow_manual_trigger":{"enabledWorkflows":[]},"_links":{"self":[{"href":"https:\/\/podkarpacka.iarp.pl\/index.php?rest_route=\/wp\/v2\/posts\/7383","targetHints":{"allow":["GET"]}}],"collection":[{"href":"https:\/\/podkarpacka.iarp.pl\/index.php?rest_route=\/wp\/v2\/posts"}],"about":[{"href":"https:\/\/podkarpacka.iarp.pl\/index.php?rest_route=\/wp\/v2\/types\/post"}],"author":[{"embeddable":true,"href":"https:\/\/podkarpacka.iarp.pl\/index.php?rest_route=\/wp\/v2\/users\/6"}],"replies":[{"embeddable":true,"href":"https:\/\/podkarpacka.iarp.pl\/index.php?rest_route=%2Fwp%2Fv2%2Fcomments&post=7383"}],"version-history":[{"count":5,"href":"https:\/\/podkarpacka.iarp.pl\/index.php?rest_route=\/wp\/v2\/posts\/7383\/revisions"}],"predecessor-version":[{"id":7392,"href":"https:\/\/podkarpacka.iarp.pl\/index.php?rest_route=\/wp\/v2\/posts\/7383\/revisions\/7392"}],"wp:featuredmedia":[{"embeddable":true,"href":"https:\/\/podkarpacka.iarp.pl\/index.php?rest_route=\/wp\/v2\/media\/7387"}],"wp:attachment":[{"href":"https:\/\/podkarpacka.iarp.pl\/index.php?rest_route=%2Fwp%2Fv2%2Fmedia&parent=7383"}],"wp:term":[{"taxonomy":"category","embeddable":true,"href":"https:\/\/podkarpacka.iarp.pl\/index.php?rest_route=%2Fwp%2Fv2%2Fcategories&post=7383"},{"taxonomy":"post_tag","embeddable":true,"href":"https:\/\/podkarpacka.iarp.pl\/index.php?rest_route=%2Fwp%2Fv2%2Ftags&post=7383"}],"curies":[{"name":"wp","href":"https:\/\/api.w.org\/{rel}","templated":true}]}}