{"id":7439,"date":"2025-12-19T13:39:02","date_gmt":"2025-12-19T11:39:02","guid":{"rendered":"https:\/\/podkarpacka.iarp.pl\/?p=7439"},"modified":"2025-12-19T13:39:02","modified_gmt":"2025-12-19T11:39:02","slug":"uroczyste-otwarcie-wystawy-prac-oraz-wreczenie-nagrod-w-15-edycji-konkursu-dom-moich-marzen","status":"publish","type":"post","link":"https:\/\/podkarpacka.iarp.pl\/?p=7439","title":{"rendered":"Uroczyste otwarcie wystawy prac oraz wr\u0119czenie nagr\u00f3d w 15. edycji konkursu \u201eDom Moich Marze\u0144\u201d"},"content":{"rendered":"<p>Serdecznie zapraszamy na\u00a0<strong>uroczyste otwarcie wystawy prac oraz wr\u0119czenie nagr\u00f3d w 15. edycji konkursu \u201eDom Moich Marze\u0144\u201d<\/strong>, organizowanego z okazji\u00a0<strong>Dnia Edukacji Architektonicznej<\/strong>.<\/p>\n<p>Wydarzenie odb\u0119dzie si\u0119\u00a0<strong>8 stycznia o godzinie 12:00\u00a0<\/strong>w siedzibie\u00a0<strong>Podkarpackiej Okr\u0119gowej Izby Architekt\u00f3w\u00a0<\/strong>w\u00a0<strong>Rzeszowie<\/strong>, ul.\u00a0<strong>Rynek 8<\/strong>.<\/p>\n<p>B\u0119dzie nam mi\u0142o go\u015bci\u0107 wszystkich zainteresowanych architektur\u0105, edukacj\u0105 oraz tw\u00f3rczo\u015bci\u0105 m\u0142odych uczestnik\u00f3w konkursu.<br \/>\nZapraszamy!<\/p>\n<p>&nbsp;<\/p>\n<p><a href=\"https:\/\/podkarpacka.iarp.pl\/wp-content\/uploads\/2025\/12\/international-dayuroczyste-otwarcie-wystawy-prac-oraz-wreczenie-nagrod.jpg\"><img loading=\"lazy\" decoding=\"async\" class=\"aligncenter size-full wp-image-7440\" src=\"https:\/\/podkarpacka.iarp.pl\/wp-content\/uploads\/2025\/12\/international-dayuroczyste-otwarcie-wystawy-prac-oraz-wreczenie-nagrod.jpg\" alt=\"\" width=\"940\" height=\"788\" srcset=\"https:\/\/podkarpacka.iarp.pl\/wp-content\/uploads\/2025\/12\/international-dayuroczyste-otwarcie-wystawy-prac-oraz-wreczenie-nagrod.jpg 940w, https:\/\/podkarpacka.iarp.pl\/wp-content\/uploads\/2025\/12\/international-dayuroczyste-otwarcie-wystawy-prac-oraz-wreczenie-nagrod-300x251.jpg 300w, https:\/\/podkarpacka.iarp.pl\/wp-content\/uploads\/2025\/12\/international-dayuroczyste-otwarcie-wystawy-prac-oraz-wreczenie-nagrod-768x644.jpg 768w, https:\/\/podkarpacka.iarp.pl\/wp-content\/uploads\/2025\/12\/international-dayuroczyste-otwarcie-wystawy-prac-oraz-wreczenie-nagrod-600x503.jpg 600w\" sizes=\"auto, (max-width: 940px) 100vw, 940px\" \/><\/a><\/p>\n","protected":false},"excerpt":{"rendered":"<p>Serdecznie zapraszamy na\u00a0uroczyste otwarcie wystawy prac oraz wr\u0119czenie nagr\u00f3d w 15. edycji konkursu \u201eDom Moich Marze\u0144\u201d, organizowanego z okazji\u00a0Dnia Edukacji Architektonicznej. Wydarzenie odb\u0119dzie si\u0119\u00a08 stycznia o godzinie 12:00\u00a0w siedzibie\u00a0Podkarpackiej Okr\u0119gowej Izby Architekt\u00f3w\u00a0w\u00a0Rzeszowie, ul.\u00a0Rynek 8. B\u0119dzie nam mi\u0142o go\u015bci\u0107 wszystkich zainteresowanych architektur\u0105, edukacj\u0105 oraz tw\u00f3rczo\u015bci\u0105 m\u0142odych uczestnik\u00f3w konkursu. Zapraszamy! &nbsp;<\/p>\n","protected":false},"author":6,"featured_media":7440,"comment_status":"closed","ping_status":"open","sticky":false,"template":"","format":"standard","meta":{"footnotes":""},"categories":[55],"tags":[],"class_list":["post-7439","post","type-post","status-publish","format-standard","has-post-thumbnail","hentry","category-wydarzenia"],"publishpress_future_action":{"enabled":false,"date":"2026-05-05 13:55:02","action":"change-status","newStatus":"draft","terms":[],"taxonomy":"category","extraData":[]},"publishpress_future_workflow_manual_trigger":{"enabledWorkflows":[]},"_links":{"self":[{"href":"https:\/\/podkarpacka.iarp.pl\/index.php?rest_route=\/wp\/v2\/posts\/7439","targetHints":{"allow":["GET"]}}],"collection":[{"href":"https:\/\/podkarpacka.iarp.pl\/index.php?rest_route=\/wp\/v2\/posts"}],"about":[{"href":"https:\/\/podkarpacka.iarp.pl\/index.php?rest_route=\/wp\/v2\/types\/post"}],"author":[{"embeddable":true,"href":"https:\/\/podkarpacka.iarp.pl\/index.php?rest_route=\/wp\/v2\/users\/6"}],"replies":[{"embeddable":true,"href":"https:\/\/podkarpacka.iarp.pl\/index.php?rest_route=%2Fwp%2Fv2%2Fcomments&post=7439"}],"version-history":[{"count":1,"href":"https:\/\/podkarpacka.iarp.pl\/index.php?rest_route=\/wp\/v2\/posts\/7439\/revisions"}],"predecessor-version":[{"id":7441,"href":"https:\/\/podkarpacka.iarp.pl\/index.php?rest_route=\/wp\/v2\/posts\/7439\/revisions\/7441"}],"wp:featuredmedia":[{"embeddable":true,"href":"https:\/\/podkarpacka.iarp.pl\/index.php?rest_route=\/wp\/v2\/media\/7440"}],"wp:attachment":[{"href":"https:\/\/podkarpacka.iarp.pl\/index.php?rest_route=%2Fwp%2Fv2%2Fmedia&parent=7439"}],"wp:term":[{"taxonomy":"category","embeddable":true,"href":"https:\/\/podkarpacka.iarp.pl\/index.php?rest_route=%2Fwp%2Fv2%2Fcategories&post=7439"},{"taxonomy":"post_tag","embeddable":true,"href":"https:\/\/podkarpacka.iarp.pl\/index.php?rest_route=%2Fwp%2Fv2%2Ftags&post=7439"}],"curies":[{"name":"wp","href":"https:\/\/api.w.org\/{rel}","templated":true}]}}