{"id":7494,"date":"2025-12-21T14:56:51","date_gmt":"2025-12-21T12:56:51","guid":{"rendered":"https:\/\/podkarpacka.iarp.pl\/?p=7494"},"modified":"2025-12-21T14:56:51","modified_gmt":"2025-12-21T12:56:51","slug":"wyniki-wspolnego-konkursu-poia-rp-i-sarp-rzeszow-dzieciecy-archi-christmas-2025","status":"publish","type":"post","link":"https:\/\/podkarpacka.iarp.pl\/?p=7494","title":{"rendered":"Wyniki wsp\u00f3lnego konkursu POIA RP i SARP Rzesz\u00f3w: \u201eDZIECI\u0118CY ARCHI-CHRISTMAS 2025\u201d"},"content":{"rendered":"<div>M\u0142ode talenty projektowe nagrodzone!\u00a0<img decoding=\"async\" class=\"an1\" draggable=\"false\" src=\"https:\/\/fonts.gstatic.com\/s\/e\/notoemoji\/16.0\/1f384\/32.png\" alt=\"\ud83c\udf84\" data-emoji=\"\ud83c\udf84\" aria-label=\"\ud83c\udf84\" \/><img decoding=\"async\" class=\"an1\" draggable=\"false\" src=\"https:\/\/fonts.gstatic.com\/s\/e\/notoemoji\/16.0\/1f4d0\/32.png\" alt=\"\ud83d\udcd0\" data-emoji=\"\ud83d\udcd0\" aria-label=\"\ud83d\udcd0\" \/><img decoding=\"async\" class=\"an1\" draggable=\"false\" src=\"https:\/\/fonts.gstatic.com\/s\/e\/notoemoji\/16.0\/2728\/32.png\" alt=\"\u2728\" data-emoji=\"\u2728\" aria-label=\"\u2728\" \/><\/div>\n<p>Drogie Kole\u017canki i Koledzy,<\/p>\n<p>Z dum\u0105 og\u0142aszamy wyniki wsp\u00f3lnego konkursu Podkarpackiej Okr\u0119gowej Izby Architekt\u00f3w RP oraz\u00a0SARP Rzesz\u00f3w\u00a0pt. &#8220;DZIECI\u0118CY ARCHI-CHRISTMAS 2025&#8221; na najlepsz\u0105 &#8220;ARCHITEKTONICZN\u0104 OZDOB\u0118 \u015aWI\u0104TECZN\u0104&#8221;!<\/p>\n<p>Jeste\u015bmy pod ogromnym wra\u017ceniem kreatywno\u015bci dzieci \u2013 wida\u0107, \u017ce architektoniczna pasja i dba\u0142o\u015b\u0107 o detal s\u0105 u nas wielopokoleniowe!\u00a0<img decoding=\"async\" class=\"an1\" draggable=\"false\" src=\"https:\/\/fonts.gstatic.com\/s\/e\/notoemoji\/16.0\/1f609\/32.png\" alt=\"\ud83d\ude09\" data-emoji=\"\ud83d\ude09\" aria-label=\"\ud83d\ude09\" \/><\/p>\n<p>Komisja konkursowa w sk\u0142adzie: Iwona B\u0105k, Joanna Matraszek oraz Gertruda Pieczonka, wy\u0142oni\u0142a laureat\u00f3w w dw\u00f3ch kategoriach:<\/p>\n<p><img decoding=\"async\" class=\"an1\" draggable=\"false\" src=\"https:\/\/fonts.gstatic.com\/s\/e\/notoemoji\/16.0\/1f3c6\/32.png\" alt=\"\ud83c\udfc6\" data-emoji=\"\ud83c\udfc6\" aria-label=\"\ud83c\udfc6\" \/>\u00a0NAGRODY WR\u0118CZONE PRZEZ IZB\u0118 (POIA RP):<\/p>\n<p>Janek \u015awierczy\u0144ski (7 lat)<\/p>\n<p>Miko\u0142aj Tereszkiewicz (12 l.)<\/p>\n<p>Julia Bester (12 l.)<\/p>\n<p><img decoding=\"async\" class=\"an1\" draggable=\"false\" src=\"https:\/\/fonts.gstatic.com\/s\/e\/notoemoji\/16.0\/1f3c6\/32.png\" alt=\"\ud83c\udfc6\" data-emoji=\"\ud83c\udfc6\" aria-label=\"\ud83c\udfc6\" \/>\u00a0NAGRODY WR\u0118CZONE PRZEZ SARP RZESZ\u00d3W:<\/p>\n<p>Martyna Bester (7 l.)<\/p>\n<p>Miko\u0142aj Podolec (8 l.)<\/p>\n<p>Kornelia Ruszel (14 l.)<\/p>\n<p>Serdecznie gratulujemy wszystkim laureatom i uczestnikom! Ka\u017cda praca by\u0142a dowodem na to, \u017ce architektura i \u015bwi\u0119ta to idealne po\u0142\u0105czenie.\u00a0<img decoding=\"async\" class=\"an1\" draggable=\"false\" src=\"https:\/\/fonts.gstatic.com\/s\/e\/notoemoji\/16.0\/1f31f\/32.png\" alt=\"\ud83c\udf1f\" data-emoji=\"\ud83c\udf1f\" aria-label=\"\ud83c\udf1f\" \/><\/p>\n<p>Zapraszamy do obejrzenia galerii prac w komentarzach!\u00a0<img decoding=\"async\" class=\"an1\" draggable=\"false\" src=\"https:\/\/fonts.gstatic.com\/s\/e\/notoemoji\/16.0\/1f447\/32.png\" alt=\"\ud83d\udc47\" data-emoji=\"\ud83d\udc47\" aria-label=\"\ud83d\udc47\" \/><\/p>\n<p>&nbsp;<\/p>\n\n\t\t<style type=\"text\/css\">\n\t\t\t#gallery-1 {\n\t\t\t\tmargin: auto;\n\t\t\t}\n\t\t\t#gallery-1 .gallery-item {\n\t\t\t\tfloat: left;\n\t\t\t\tmargin-top: 10px;\n\t\t\t\ttext-align: center;\n\t\t\t\twidth: 33%;\n\t\t\t}\n\t\t\t#gallery-1 img {\n\t\t\t\tborder: 2px solid #cfcfcf;\n\t\t\t}\n\t\t\t#gallery-1 .gallery-caption {\n\t\t\t\tmargin-left: 0;\n\t\t\t}\n\t\t\t\/* see gallery_shortcode() in wp-includes\/media.php *\/\n\t\t<\/style>\n\t\t<div id='gallery-1' class='gallery galleryid-7494 gallery-columns-3 gallery-size-thumbnail'><dl class='gallery-item'>\n\t\t\t<dt class='gallery-icon landscape'>\n\t\t\t\t<a href='https:\/\/podkarpacka.iarp.pl\/?attachment_id=7495'><img loading=\"lazy\" decoding=\"async\" width=\"150\" height=\"150\" src=\"https:\/\/podkarpacka.iarp.pl\/wp-content\/uploads\/2025\/12\/WhatsApp-Image-2025-12-17-at-20.43.54-6-150x150.jpeg\" class=\"attachment-thumbnail size-thumbnail\" alt=\"\" \/><\/a>\n\t\t\t<\/dt><\/dl><dl class='gallery-item'>\n\t\t\t<dt class='gallery-icon portrait'>\n\t\t\t\t<a href='https:\/\/podkarpacka.iarp.pl\/?attachment_id=7496'><img loading=\"lazy\" decoding=\"async\" width=\"150\" height=\"150\" src=\"https:\/\/podkarpacka.iarp.pl\/wp-content\/uploads\/2025\/12\/WhatsApp-Image-2025-12-17-at-20.43.54-150x150.jpeg\" class=\"attachment-thumbnail size-thumbnail\" alt=\"\" \/><\/a>\n\t\t\t<\/dt><\/dl><dl class='gallery-item'>\n\t\t\t<dt class='gallery-icon portrait'>\n\t\t\t\t<a href='https:\/\/podkarpacka.iarp.pl\/?attachment_id=7497'><img loading=\"lazy\" decoding=\"async\" width=\"150\" height=\"150\" src=\"https:\/\/podkarpacka.iarp.pl\/wp-content\/uploads\/2025\/12\/WhatsApp-Image-2025-12-17-at-20.43.55-2-150x150.jpeg\" class=\"attachment-thumbnail size-thumbnail\" alt=\"\" \/><\/a>\n\t\t\t<\/dt><\/dl><br style=\"clear: both\" \/><dl class='gallery-item'>\n\t\t\t<dt class='gallery-icon portrait'>\n\t\t\t\t<a href='https:\/\/podkarpacka.iarp.pl\/?attachment_id=7498'><img loading=\"lazy\" decoding=\"async\" width=\"150\" height=\"150\" src=\"https:\/\/podkarpacka.iarp.pl\/wp-content\/uploads\/2025\/12\/WhatsApp-Image-2025-12-17-at-20.43.55-150x150.jpeg\" class=\"attachment-thumbnail size-thumbnail\" alt=\"\" srcset=\"https:\/\/podkarpacka.iarp.pl\/wp-content\/uploads\/2025\/12\/WhatsApp-Image-2025-12-17-at-20.43.55-150x150.jpeg 150w, https:\/\/podkarpacka.iarp.pl\/wp-content\/uploads\/2025\/12\/WhatsApp-Image-2025-12-17-at-20.43.55-266x266.jpeg 266w\" sizes=\"auto, (max-width: 150px) 100vw, 150px\" \/><\/a>\n\t\t\t<\/dt><\/dl><dl class='gallery-item'>\n\t\t\t<dt class='gallery-icon portrait'>\n\t\t\t\t<a href='https:\/\/podkarpacka.iarp.pl\/?attachment_id=7499'><img loading=\"lazy\" decoding=\"async\" width=\"150\" height=\"150\" src=\"https:\/\/podkarpacka.iarp.pl\/wp-content\/uploads\/2025\/12\/WhatsApp-Image-2025-12-20-at-13.37.10-150x150.jpeg\" class=\"attachment-thumbnail size-thumbnail\" alt=\"\" \/><\/a>\n\t\t\t<\/dt><\/dl><dl class='gallery-item'>\n\t\t\t<dt class='gallery-icon portrait'>\n\t\t\t\t<a href='https:\/\/podkarpacka.iarp.pl\/?attachment_id=7500'><img loading=\"lazy\" decoding=\"async\" width=\"150\" height=\"150\" src=\"https:\/\/podkarpacka.iarp.pl\/wp-content\/uploads\/2025\/12\/WhatsApp-Image-2025-12-17-at-20.43.54-1-150x150.jpeg\" class=\"attachment-thumbnail size-thumbnail\" alt=\"\" \/><\/a>\n\t\t\t<\/dt><\/dl><br style=\"clear: both\" \/><dl class='gallery-item'>\n\t\t\t<dt class='gallery-icon landscape'>\n\t\t\t\t<a href='https:\/\/podkarpacka.iarp.pl\/?attachment_id=7501'><img loading=\"lazy\" decoding=\"async\" width=\"150\" height=\"150\" src=\"https:\/\/podkarpacka.iarp.pl\/wp-content\/uploads\/2025\/12\/WhatsApp-Image-2025-12-17-at-20.43.54-3-150x150.jpeg\" class=\"attachment-thumbnail size-thumbnail\" alt=\"\" \/><\/a>\n\t\t\t<\/dt><\/dl><dl class='gallery-item'>\n\t\t\t<dt class='gallery-icon landscape'>\n\t\t\t\t<a href='https:\/\/podkarpacka.iarp.pl\/?attachment_id=7502'><img loading=\"lazy\" decoding=\"async\" width=\"150\" height=\"150\" src=\"https:\/\/podkarpacka.iarp.pl\/wp-content\/uploads\/2025\/12\/WhatsApp-Image-2025-12-17-at-20.43.54-4-150x150.jpeg\" class=\"attachment-thumbnail size-thumbnail\" alt=\"\" \/><\/a>\n\t\t\t<\/dt><\/dl>\n\t\t\t<br style='clear: both' \/>\n\t\t<\/div>\n\n","protected":false},"excerpt":{"rendered":"<p>M\u0142ode talenty projektowe nagrodzone!\u00a0 Drogie Kole\u017canki i Koledzy, Z dum\u0105 og\u0142aszamy wyniki wsp\u00f3lnego konkursu Podkarpackiej Okr\u0119gowej Izby Architekt\u00f3w RP oraz\u00a0SARP Rzesz\u00f3w\u00a0pt. &#8220;DZIECI\u0118CY ARCHI-CHRISTMAS 2025&#8221; na najlepsz\u0105 &#8220;ARCHITEKTONICZN\u0104 OZDOB\u0118 \u015aWI\u0104TECZN\u0104&#8221;! Jeste\u015bmy pod ogromnym wra\u017ceniem kreatywno\u015bci dzieci \u2013 wida\u0107, \u017ce architektoniczna pasja i dba\u0142o\u015b\u0107 o detal s\u0105 u nas wielopokoleniowe!\u00a0 Komisja konkursowa w sk\u0142adzie: Iwona B\u0105k, Joanna [&hellip;]<\/p>\n","protected":false},"author":6,"featured_media":7498,"comment_status":"closed","ping_status":"open","sticky":false,"template":"","format":"standard","meta":{"footnotes":""},"categories":[62],"tags":[],"class_list":["post-7494","post","type-post","status-publish","format-standard","has-post-thumbnail","hentry","category-konkursy"],"publishpress_future_action":{"enabled":false,"date":"2026-05-04 19:43:55","action":"change-status","newStatus":"draft","terms":[],"taxonomy":"category","extraData":[]},"publishpress_future_workflow_manual_trigger":{"enabledWorkflows":[]},"_links":{"self":[{"href":"https:\/\/podkarpacka.iarp.pl\/index.php?rest_route=\/wp\/v2\/posts\/7494","targetHints":{"allow":["GET"]}}],"collection":[{"href":"https:\/\/podkarpacka.iarp.pl\/index.php?rest_route=\/wp\/v2\/posts"}],"about":[{"href":"https:\/\/podkarpacka.iarp.pl\/index.php?rest_route=\/wp\/v2\/types\/post"}],"author":[{"embeddable":true,"href":"https:\/\/podkarpacka.iarp.pl\/index.php?rest_route=\/wp\/v2\/users\/6"}],"replies":[{"embeddable":true,"href":"https:\/\/podkarpacka.iarp.pl\/index.php?rest_route=%2Fwp%2Fv2%2Fcomments&post=7494"}],"version-history":[{"count":1,"href":"https:\/\/podkarpacka.iarp.pl\/index.php?rest_route=\/wp\/v2\/posts\/7494\/revisions"}],"predecessor-version":[{"id":7503,"href":"https:\/\/podkarpacka.iarp.pl\/index.php?rest_route=\/wp\/v2\/posts\/7494\/revisions\/7503"}],"wp:featuredmedia":[{"embeddable":true,"href":"https:\/\/podkarpacka.iarp.pl\/index.php?rest_route=\/wp\/v2\/media\/7498"}],"wp:attachment":[{"href":"https:\/\/podkarpacka.iarp.pl\/index.php?rest_route=%2Fwp%2Fv2%2Fmedia&parent=7494"}],"wp:term":[{"taxonomy":"category","embeddable":true,"href":"https:\/\/podkarpacka.iarp.pl\/index.php?rest_route=%2Fwp%2Fv2%2Fcategories&post=7494"},{"taxonomy":"post_tag","embeddable":true,"href":"https:\/\/podkarpacka.iarp.pl\/index.php?rest_route=%2Fwp%2Fv2%2Ftags&post=7494"}],"curies":[{"name":"wp","href":"https:\/\/api.w.org\/{rel}","templated":true}]}}