{"id":751,"date":"2013-05-10T10:17:04","date_gmt":"2013-05-10T08:17:04","guid":{"rendered":"http:\/\/podkarpacka.iarp.pl\/?p=751"},"modified":"2015-10-10T02:42:43","modified_gmt":"2015-10-10T00:42:43","slug":"projektowanie-budynkow-niskoenergetycznych-i-pasywnych","status":"publish","type":"post","link":"https:\/\/podkarpacka.iarp.pl\/?p=751","title":{"rendered":"[13-06-2013] Projektowanie budynk\u00f3w niskoenergetycznych i pasywnych"},"content":{"rendered":"<h2 class=\"lead\"><strong>Termin szkolenia: 13-06-2013<\/strong><\/h2>\n<p class=\"lead\"><strong>Miejsce:\u00a0Hotel Classic przy ul. Armii Krajowej 32; Sala Bursztynowa; I pi\u0119tro, Rzesz\u00f3w<\/strong><\/p>\n<div class=\"lead\"><\/div>\n<div class=\"lead\">\n<div class=\"lead\" style=\"text-align: justify;\">\n<hr \/>\n<h4><span style=\"color: #333333;\"><strong>BEZP\u0141ATNE SZKOLENIE DLA ARCHITEKT\u00d3W IARP<\/strong><\/span><\/h4>\n<\/div>\n<\/div>\n<div style=\"text-align: justify;\">\n<blockquote>\n<h3 style=\"text-align: left;\"><strong>PROJEKTOWANIE BUDYNK\u00d3W NISKOENERGETYCZNYCH I PASYWNYCH\u00a0<\/strong><\/h3>\n<\/blockquote>\n<\/div>\n<div style=\"text-align: justify;\">\n<hr \/>\n<h4><strong>Rejestracja do: 09:00, Rozpocz\u0119cie do: 9:30<\/strong><\/h4>\n<hr \/>\n<\/div>\n<div class=\"row-fluid agenda\" style=\"text-align: justify;\"><\/div>\n<p><strong>Szanowni Pa\u0144stwo,<\/strong><\/p>\n<p style=\"text-align: justify;\">Serdecznie zapraszamy na szkolenie \u201e<strong>Projektowanie budynk\u00f3w niskoenergetycznych i pasywnych<\/strong>\u201d, kt\u00f3re odb\u0119dzie si\u0119 w dn. 13 czerwca 2013 r. w godzinach 9.00 \u2013 15.50 w Hotelu Classic przy ul. Armii Krajowej 32; Sala Bursztynowa; I pi\u0119tro, Rzesz\u00f3w.<\/p>\n<p style=\"text-align: justify;\">W celu zapisania si\u0119 na szkolenie prosz\u0119 klikn\u0105\u0107 link<strong>\u00a0<a title=\"https:\/\/szkolenia.iarp.pl\/szkolenie\/41\" href=\"https:\/\/szkolenia.iarp.pl\/szkolenie\/41\">https:\/\/szkolenia.iarp.pl\/szkolenie\/41<\/a>,<\/strong> nast\u0119pnie zalogowa\u0107 si\u0119 podaj\u0105c nr cz\u0142onkowski i has\u0142o (tak jak przy pobieraniu za\u015bwiadcze\u0144) a nast\u0119pnie klikn\u0105\u0107 \u201ezapisz si\u0119\u201d.<\/p>\n<p style=\"text-align: justify;\">W razie rezygnacji ze szkolenia, uprzejmie prosz\u0119 o wypisanie si\u0119 ze szkolenia (post\u0119puj\u0105c w ten sam spos\u00f3b co przy zapisywaniu si\u0119).<\/p>\n<p style=\"text-align: justify;\">Na stronie znajd\u0105 Pa\u0144stwo r\u00f3wnie\u017c szczeg\u00f3\u0142owy opis szkolenia z podzia\u0142em na bloki tematyczne.<\/p>\n","protected":false},"excerpt":{"rendered":"<p>Termin szkolenia: 13-06-2013 Miejsce:\u00a0Hotel Classic przy ul. Armii Krajowej 32; Sala Bursztynowa; I pi\u0119tro, Rzesz\u00f3w BEZP\u0141ATNE SZKOLENIE DLA ARCHITEKT\u00d3W IARP PROJEKTOWANIE BUDYNK\u00d3W NISKOENERGETYCZNYCH I PASYWNYCH\u00a0 Rejestracja do: 09:00, Rozpocz\u0119cie do: 9:30 Szanowni Pa\u0144stwo, Serdecznie zapraszamy na szkolenie \u201eProjektowanie budynk\u00f3w niskoenergetycznych i pasywnych\u201d, kt\u00f3re odb\u0119dzie si\u0119 w dn. 13 czerwca 2013 r. w godzinach 9.00 \u2013 [&hellip;]<\/p>\n","protected":false},"author":7,"featured_media":861,"comment_status":"closed","ping_status":"open","sticky":false,"template":"","format":"standard","meta":{"footnotes":""},"categories":[57,58],"tags":[],"class_list":["post-751","post","type-post","status-publish","format-standard","has-post-thumbnail","hentry","category-szkolenia","category-szkolenia-certyfikowane"],"publishpress_future_action":{"enabled":false,"date":"2026-05-04 22:49:01","action":"change-status","newStatus":"draft","terms":[],"taxonomy":"category","extraData":[]},"publishpress_future_workflow_manual_trigger":{"enabledWorkflows":[]},"_links":{"self":[{"href":"https:\/\/podkarpacka.iarp.pl\/index.php?rest_route=\/wp\/v2\/posts\/751","targetHints":{"allow":["GET"]}}],"collection":[{"href":"https:\/\/podkarpacka.iarp.pl\/index.php?rest_route=\/wp\/v2\/posts"}],"about":[{"href":"https:\/\/podkarpacka.iarp.pl\/index.php?rest_route=\/wp\/v2\/types\/post"}],"author":[{"embeddable":true,"href":"https:\/\/podkarpacka.iarp.pl\/index.php?rest_route=\/wp\/v2\/users\/7"}],"replies":[{"embeddable":true,"href":"https:\/\/podkarpacka.iarp.pl\/index.php?rest_route=%2Fwp%2Fv2%2Fcomments&post=751"}],"version-history":[{"count":8,"href":"https:\/\/podkarpacka.iarp.pl\/index.php?rest_route=\/wp\/v2\/posts\/751\/revisions"}],"predecessor-version":[{"id":1098,"href":"https:\/\/podkarpacka.iarp.pl\/index.php?rest_route=\/wp\/v2\/posts\/751\/revisions\/1098"}],"wp:featuredmedia":[{"embeddable":true,"href":"https:\/\/podkarpacka.iarp.pl\/index.php?rest_route=\/wp\/v2\/media\/861"}],"wp:attachment":[{"href":"https:\/\/podkarpacka.iarp.pl\/index.php?rest_route=%2Fwp%2Fv2%2Fmedia&parent=751"}],"wp:term":[{"taxonomy":"category","embeddable":true,"href":"https:\/\/podkarpacka.iarp.pl\/index.php?rest_route=%2Fwp%2Fv2%2Fcategories&post=751"},{"taxonomy":"post_tag","embeddable":true,"href":"https:\/\/podkarpacka.iarp.pl\/index.php?rest_route=%2Fwp%2Fv2%2Ftags&post=751"}],"curies":[{"name":"wp","href":"https:\/\/api.w.org\/{rel}","templated":true}]}}