{"id":7555,"date":"2026-01-10T13:08:52","date_gmt":"2026-01-10T11:08:52","guid":{"rendered":"https:\/\/podkarpacka.iarp.pl\/?p=7555"},"modified":"2026-01-10T13:08:52","modified_gmt":"2026-01-10T11:08:52","slug":"uroczyste-wreczenie-uprawnien-budowlanych-sesja-zimowa-2025","status":"publish","type":"post","link":"https:\/\/podkarpacka.iarp.pl\/?p=7555","title":{"rendered":"Uroczyste wr\u0119czenie uprawnie\u0144 budowlanych &#8211; sesja zimowa 2025"},"content":{"rendered":"<p>W dniu 8.01.2026 roku, w siedzibie Podkarpackiej Okr\u0119gowej Izby Architekt\u00f3w RP w Rzeszowie, mia\u0142a miejsce uroczysto\u015b\u0107 wr\u0119czenia decyzji o nadaniu uprawnie\u0144 budowlanych w specjalno\u015bci architektonicznej do projektowania bez ogranicze\u0144.<\/p>\n<p>Wydarzenie to stanowi\u0142o fina\u0142 zimowej sesji egzaminacyjnej. Uroczysto\u015b\u0107 poprowadzili przewodnicz\u0105ca Rady PKOIA RP oraz cz\u0142onkowie Okr\u0119gowej Komisji Kwalifikacyjnej.<\/p>\n<p>Wszystkim nowym cz\u0142onkom naszej Izby serdecznie gratulujemy pomy\u015blnego zdania egzamin\u00f3w i \u017cyczymy wielu sukces\u00f3w w pracy zawodowej.<\/p>\n<p>&nbsp;<\/p>\n\n\t\t<style type=\"text\/css\">\n\t\t\t#gallery-1 {\n\t\t\t\tmargin: auto;\n\t\t\t}\n\t\t\t#gallery-1 .gallery-item {\n\t\t\t\tfloat: left;\n\t\t\t\tmargin-top: 10px;\n\t\t\t\ttext-align: center;\n\t\t\t\twidth: 33%;\n\t\t\t}\n\t\t\t#gallery-1 img {\n\t\t\t\tborder: 2px solid #cfcfcf;\n\t\t\t}\n\t\t\t#gallery-1 .gallery-caption {\n\t\t\t\tmargin-left: 0;\n\t\t\t}\n\t\t\t\/* see gallery_shortcode() in wp-includes\/media.php *\/\n\t\t<\/style>\n\t\t<div id='gallery-1' class='gallery galleryid-7555 gallery-columns-3 gallery-size-thumbnail'><dl class='gallery-item'>\n\t\t\t<dt class='gallery-icon landscape'>\n\t\t\t\t<a href='https:\/\/podkarpacka.iarp.pl\/?attachment_id=7556'><img loading=\"lazy\" decoding=\"async\" width=\"150\" height=\"150\" src=\"https:\/\/podkarpacka.iarp.pl\/wp-content\/uploads\/2026\/01\/WhatsApp-Image-2026-01-08-at-15.49.01-150x150.jpeg\" class=\"attachment-thumbnail size-thumbnail\" alt=\"\" \/><\/a>\n\t\t\t<\/dt><\/dl><dl class='gallery-item'>\n\t\t\t<dt class='gallery-icon landscape'>\n\t\t\t\t<a href='https:\/\/podkarpacka.iarp.pl\/?attachment_id=7557'><img loading=\"lazy\" decoding=\"async\" width=\"150\" height=\"150\" src=\"https:\/\/podkarpacka.iarp.pl\/wp-content\/uploads\/2026\/01\/WhatsApp-Image-2026-01-08-at-15.49.03-150x150.jpeg\" class=\"attachment-thumbnail size-thumbnail\" alt=\"\" srcset=\"https:\/\/podkarpacka.iarp.pl\/wp-content\/uploads\/2026\/01\/WhatsApp-Image-2026-01-08-at-15.49.03-150x150.jpeg 150w, https:\/\/podkarpacka.iarp.pl\/wp-content\/uploads\/2026\/01\/WhatsApp-Image-2026-01-08-at-15.49.03-266x266.jpeg 266w\" sizes=\"auto, (max-width: 150px) 100vw, 150px\" \/><\/a>\n\t\t\t<\/dt><\/dl><dl class='gallery-item'>\n\t\t\t<dt class='gallery-icon landscape'>\n\t\t\t\t<a href='https:\/\/podkarpacka.iarp.pl\/?attachment_id=7558'><img loading=\"lazy\" decoding=\"async\" width=\"150\" height=\"150\" src=\"https:\/\/podkarpacka.iarp.pl\/wp-content\/uploads\/2026\/01\/WhatsApp-Image-2026-01-08-at-15.49.09-150x150.jpeg\" class=\"attachment-thumbnail size-thumbnail\" alt=\"\" \/><\/a>\n\t\t\t<\/dt><\/dl><br style=\"clear: both\" \/><dl class='gallery-item'>\n\t\t\t<dt class='gallery-icon landscape'>\n\t\t\t\t<a href='https:\/\/podkarpacka.iarp.pl\/?attachment_id=7559'><img loading=\"lazy\" decoding=\"async\" width=\"150\" height=\"150\" src=\"https:\/\/podkarpacka.iarp.pl\/wp-content\/uploads\/2026\/01\/WhatsApp-Image-2026-01-08-at-15.49.17-150x150.jpeg\" class=\"attachment-thumbnail size-thumbnail\" alt=\"\" \/><\/a>\n\t\t\t<\/dt><\/dl><dl class='gallery-item'>\n\t\t\t<dt class='gallery-icon landscape'>\n\t\t\t\t<a href='https:\/\/podkarpacka.iarp.pl\/?attachment_id=7560'><img loading=\"lazy\" decoding=\"async\" width=\"150\" height=\"150\" src=\"https:\/\/podkarpacka.iarp.pl\/wp-content\/uploads\/2026\/01\/WhatsApp-Image-2026-01-08-at-15.49.21-1-150x150.jpeg\" class=\"attachment-thumbnail size-thumbnail\" alt=\"\" \/><\/a>\n\t\t\t<\/dt><\/dl><dl class='gallery-item'>\n\t\t\t<dt class='gallery-icon landscape'>\n\t\t\t\t<a href='https:\/\/podkarpacka.iarp.pl\/?attachment_id=7561'><img loading=\"lazy\" decoding=\"async\" width=\"150\" height=\"150\" src=\"https:\/\/podkarpacka.iarp.pl\/wp-content\/uploads\/2026\/01\/WhatsApp-Image-2026-01-08-at-15.49.22-1-150x150.jpeg\" class=\"attachment-thumbnail size-thumbnail\" alt=\"\" \/><\/a>\n\t\t\t<\/dt><\/dl><br style=\"clear: both\" \/><dl class='gallery-item'>\n\t\t\t<dt class='gallery-icon landscape'>\n\t\t\t\t<a href='https:\/\/podkarpacka.iarp.pl\/?attachment_id=7562'><img loading=\"lazy\" decoding=\"async\" width=\"150\" height=\"150\" src=\"https:\/\/podkarpacka.iarp.pl\/wp-content\/uploads\/2026\/01\/WhatsApp-Image-2026-01-08-at-15.49.22-150x150.jpeg\" class=\"attachment-thumbnail size-thumbnail\" alt=\"\" \/><\/a>\n\t\t\t<\/dt><\/dl><dl class='gallery-item'>\n\t\t\t<dt class='gallery-icon landscape'>\n\t\t\t\t<a href='https:\/\/podkarpacka.iarp.pl\/?attachment_id=7563'><img loading=\"lazy\" decoding=\"async\" width=\"150\" height=\"150\" src=\"https:\/\/podkarpacka.iarp.pl\/wp-content\/uploads\/2026\/01\/WhatsApp-Image-2026-01-08-at-15.49.23-150x150.jpeg\" class=\"attachment-thumbnail size-thumbnail\" alt=\"\" \/><\/a>\n\t\t\t<\/dt><\/dl><dl class='gallery-item'>\n\t\t\t<dt class='gallery-icon landscape'>\n\t\t\t\t<a href='https:\/\/podkarpacka.iarp.pl\/?attachment_id=7564'><img loading=\"lazy\" decoding=\"async\" width=\"150\" height=\"150\" src=\"https:\/\/podkarpacka.iarp.pl\/wp-content\/uploads\/2026\/01\/WhatsApp-Image-2026-01-08-at-15.49.24-150x150.jpeg\" class=\"attachment-thumbnail size-thumbnail\" alt=\"\" \/><\/a>\n\t\t\t<\/dt><\/dl><br style=\"clear: both\" \/><dl class='gallery-item'>\n\t\t\t<dt class='gallery-icon landscape'>\n\t\t\t\t<a href='https:\/\/podkarpacka.iarp.pl\/?attachment_id=7565'><img loading=\"lazy\" decoding=\"async\" width=\"150\" height=\"150\" src=\"https:\/\/podkarpacka.iarp.pl\/wp-content\/uploads\/2026\/01\/WhatsApp-Image-2026-01-08-at-15.49.25-150x150.jpeg\" class=\"attachment-thumbnail size-thumbnail\" alt=\"\" \/><\/a>\n\t\t\t<\/dt><\/dl><dl class='gallery-item'>\n\t\t\t<dt class='gallery-icon landscape'>\n\t\t\t\t<a href='https:\/\/podkarpacka.iarp.pl\/?attachment_id=7566'><img loading=\"lazy\" decoding=\"async\" width=\"150\" height=\"150\" src=\"https:\/\/podkarpacka.iarp.pl\/wp-content\/uploads\/2026\/01\/WhatsApp-Image-2026-01-08-at-15.49.26-1-150x150.jpeg\" class=\"attachment-thumbnail size-thumbnail\" alt=\"\" \/><\/a>\n\t\t\t<\/dt><\/dl>\n\t\t\t<br style='clear: both' \/>\n\t\t<\/div>\n\n","protected":false},"excerpt":{"rendered":"<p>W dniu 8.01.2026 roku, w siedzibie Podkarpackiej Okr\u0119gowej Izby Architekt\u00f3w RP w Rzeszowie, mia\u0142a miejsce uroczysto\u015b\u0107 wr\u0119czenia decyzji o nadaniu uprawnie\u0144 budowlanych w specjalno\u015bci architektonicznej do projektowania bez ogranicze\u0144. Wydarzenie to stanowi\u0142o fina\u0142 zimowej sesji egzaminacyjnej. Uroczysto\u015b\u0107 poprowadzili przewodnicz\u0105ca Rady PKOIA RP oraz cz\u0142onkowie Okr\u0119gowej Komisji Kwalifikacyjnej. Wszystkim nowym cz\u0142onkom naszej Izby serdecznie gratulujemy pomy\u015blnego [&hellip;]<\/p>\n","protected":false},"author":6,"featured_media":7557,"comment_status":"closed","ping_status":"open","sticky":false,"template":"","format":"standard","meta":{"footnotes":""},"categories":[55],"tags":[],"class_list":["post-7555","post","type-post","status-publish","format-standard","has-post-thumbnail","hentry","category-wydarzenia"],"publishpress_future_action":{"enabled":false,"date":"2026-05-07 22:44:08","action":"change-status","newStatus":"draft","terms":[],"taxonomy":"category","extraData":[]},"publishpress_future_workflow_manual_trigger":{"enabledWorkflows":[]},"_links":{"self":[{"href":"https:\/\/podkarpacka.iarp.pl\/index.php?rest_route=\/wp\/v2\/posts\/7555","targetHints":{"allow":["GET"]}}],"collection":[{"href":"https:\/\/podkarpacka.iarp.pl\/index.php?rest_route=\/wp\/v2\/posts"}],"about":[{"href":"https:\/\/podkarpacka.iarp.pl\/index.php?rest_route=\/wp\/v2\/types\/post"}],"author":[{"embeddable":true,"href":"https:\/\/podkarpacka.iarp.pl\/index.php?rest_route=\/wp\/v2\/users\/6"}],"replies":[{"embeddable":true,"href":"https:\/\/podkarpacka.iarp.pl\/index.php?rest_route=%2Fwp%2Fv2%2Fcomments&post=7555"}],"version-history":[{"count":1,"href":"https:\/\/podkarpacka.iarp.pl\/index.php?rest_route=\/wp\/v2\/posts\/7555\/revisions"}],"predecessor-version":[{"id":7567,"href":"https:\/\/podkarpacka.iarp.pl\/index.php?rest_route=\/wp\/v2\/posts\/7555\/revisions\/7567"}],"wp:featuredmedia":[{"embeddable":true,"href":"https:\/\/podkarpacka.iarp.pl\/index.php?rest_route=\/wp\/v2\/media\/7557"}],"wp:attachment":[{"href":"https:\/\/podkarpacka.iarp.pl\/index.php?rest_route=%2Fwp%2Fv2%2Fmedia&parent=7555"}],"wp:term":[{"taxonomy":"category","embeddable":true,"href":"https:\/\/podkarpacka.iarp.pl\/index.php?rest_route=%2Fwp%2Fv2%2Fcategories&post=7555"},{"taxonomy":"post_tag","embeddable":true,"href":"https:\/\/podkarpacka.iarp.pl\/index.php?rest_route=%2Fwp%2Fv2%2Ftags&post=7555"}],"curies":[{"name":"wp","href":"https:\/\/api.w.org\/{rel}","templated":true}]}}