{"id":7583,"date":"2026-01-16T19:48:01","date_gmt":"2026-01-16T17:48:01","guid":{"rendered":"https:\/\/podkarpacka.iarp.pl\/?p=7583"},"modified":"2026-01-16T19:48:01","modified_gmt":"2026-01-16T17:48:01","slug":"wyniki-wyborow-na-delegatow-pkoia-rp","status":"publish","type":"post","link":"https:\/\/podkarpacka.iarp.pl\/?p=7583","title":{"rendered":"Wyniki wybor\u00f3w na delegat\u00f3w PKOIA RP"},"content":{"rendered":"<p style=\"font-weight: 400;\">Szanowni Pa\u0144stwo,<\/p>\n<p style=\"font-weight: 400;\">\n<p style=\"font-weight: 400;\">Informujemy, \u017ce dniu dzisiejszym tj. 16 stycznia 2026 r. w Podkarpackiej Okr\u0119gowej Izbie Architekt\u00f3w RP odby\u0142y si\u0119 zebrania obwodowe w obwodzie Nr I oraz w obwodzie Nr II, podczas kt\u00f3rych dokonano wyboru delegat\u00f3w na Zjazd Okr\u0119gowy PKOIA RP.<\/p>\n<p style=\"font-weight: 400;\">\n<p style=\"font-weight: 400;\">Poni\u017cej lista 24 wybranych delegat\u00f3w w obwodzie Nr I w porz\u0105dku alfabetycznym.<\/p>\n<p style=\"font-weight: 400;\"><strong>Obw\u00f3d Nr I \u2013 wybrani delegaci:<\/strong><\/p>\n<ol style=\"font-weight: 400;\">\n<li>B\u0105k Iwona<\/li>\n<li>Bober Dorota<\/li>\n<li>Boczkaj W\u0142adys\u0142aw<\/li>\n<li>Chrobak Marek<\/li>\n<li>Delikat Pawe\u0142<\/li>\n<li>Figurska -Dudek Joanna<\/li>\n<li>Ha\u0142abuz Stanis\u0142aw<\/li>\n<li>Kalita Grzegorz<\/li>\n<li>Kopyci\u0144ska Ewa<\/li>\n<li>Kud\u0142a Izabela<\/li>\n<li>Kud\u0142a Tomasz<\/li>\n<li>Le\u015bniewska-Buka\u0142a Katarzyna<\/li>\n<li>Matlingiewicz Iwona<\/li>\n<li>Mat\u0142ok Wac\u0142aw<\/li>\n<li>Matraszek Joanna<\/li>\n<li>Matraszek Micha\u0142<\/li>\n<li>Pieczonka Gertruda<\/li>\n<li>Pomyka\u0142a Anna<\/li>\n<li>Ruszel Grzegorz<\/li>\n<li>Rze\u017awicki Piotr<\/li>\n<li>S\u0142api\u0144ski Grzegorz<\/li>\n<li>Torba Maciej<\/li>\n<li>Trybus Maciej<\/li>\n<li>W\u00f3jcik Anna<\/li>\n<\/ol>\n<p style=\"font-weight: 400;\">\n<p style=\"font-weight: 400;\">\n<p style=\"font-weight: 400;\">Poni\u017cej lista 30 wybranych delegat\u00f3w w obwodzie Nr II w porz\u0105dku alfabetycznym.<\/p>\n<p style=\"font-weight: 400;\"><strong>Obw\u00f3d Nr II \u2013 wybrani delegaci:<\/strong><\/p>\n<ol style=\"font-weight: 400;\">\n<li>Bardanaszwili Ruben<\/li>\n<li>Dendewicz-Mat\u0142ok Magdalena<\/li>\n<li>Dworaczyk Ada<\/li>\n<li>Dworaczyk Kamil<\/li>\n<li>Gorczyca Bartosz<\/li>\n<li>Gransicki Marek<\/li>\n<li>Kilian Krzysztof<\/li>\n<li>Koz\u0142owska Karolina<\/li>\n<li>Krzyszto\u0144 Dawid<\/li>\n<li>Ku\u017aniar Marcin<\/li>\n<li>Lasko\u015b Marek<\/li>\n<li>Leja S\u0142awomir<\/li>\n<li>Leska Anna<\/li>\n<li>Leska Marianna<\/li>\n<li>Lonczak Zbigniew<\/li>\n<li>Makocki Bogus\u0142aw<\/li>\n<li>Micek Micha\u0142<\/li>\n<li>Osielczak- Stachnik Katarzyna<\/li>\n<li>Puchyr Agnieszka<\/li>\n<li>Siembida-Klucha Katarzyna<\/li>\n<li>Smyrska El\u017cbieta<\/li>\n<li>Socha Janusz<\/li>\n<li>Stempin Stefan<\/li>\n<li>Stempniak Dominik<\/li>\n<li>Strojny Alicja<\/li>\n<li>\u015awi\u0119ci\u0144ska Renata<\/li>\n<li>\u015awi\u0119ci\u0144ski Zbigniew<\/li>\n<li>Trzeciak Alan<\/li>\n<li>Ungeheuer Pawe\u0142<\/li>\n<li>Zieli\u0144ska-Madej Kinga<\/li>\n<\/ol>\n","protected":false},"excerpt":{"rendered":"<p>Szanowni Pa\u0144stwo, Informujemy, \u017ce dniu dzisiejszym tj. 16 stycznia 2026 r. w Podkarpackiej Okr\u0119gowej Izbie Architekt\u00f3w RP odby\u0142y si\u0119 zebrania obwodowe w obwodzie Nr I oraz w obwodzie Nr II, podczas kt\u00f3rych dokonano wyboru delegat\u00f3w na Zjazd Okr\u0119gowy PKOIA RP. Poni\u017cej lista 24 wybranych delegat\u00f3w w obwodzie Nr I w porz\u0105dku alfabetycznym. Obw\u00f3d Nr I [&hellip;]<\/p>\n","protected":false},"author":6,"featured_media":4549,"comment_status":"closed","ping_status":"open","sticky":false,"template":"","format":"standard","meta":{"footnotes":""},"categories":[71,56],"tags":[],"class_list":["post-7583","post","type-post","status-publish","format-standard","has-post-thumbnail","hentry","category-slider-strona-glowna","category-informacje-rady"],"publishpress_future_action":{"enabled":false,"date":"2026-05-04 19:35:17","action":"change-status","newStatus":"draft","terms":[],"taxonomy":"category","extraData":[]},"publishpress_future_workflow_manual_trigger":{"enabledWorkflows":[]},"_links":{"self":[{"href":"https:\/\/podkarpacka.iarp.pl\/index.php?rest_route=\/wp\/v2\/posts\/7583","targetHints":{"allow":["GET"]}}],"collection":[{"href":"https:\/\/podkarpacka.iarp.pl\/index.php?rest_route=\/wp\/v2\/posts"}],"about":[{"href":"https:\/\/podkarpacka.iarp.pl\/index.php?rest_route=\/wp\/v2\/types\/post"}],"author":[{"embeddable":true,"href":"https:\/\/podkarpacka.iarp.pl\/index.php?rest_route=\/wp\/v2\/users\/6"}],"replies":[{"embeddable":true,"href":"https:\/\/podkarpacka.iarp.pl\/index.php?rest_route=%2Fwp%2Fv2%2Fcomments&post=7583"}],"version-history":[{"count":1,"href":"https:\/\/podkarpacka.iarp.pl\/index.php?rest_route=\/wp\/v2\/posts\/7583\/revisions"}],"predecessor-version":[{"id":7584,"href":"https:\/\/podkarpacka.iarp.pl\/index.php?rest_route=\/wp\/v2\/posts\/7583\/revisions\/7584"}],"wp:featuredmedia":[{"embeddable":true,"href":"https:\/\/podkarpacka.iarp.pl\/index.php?rest_route=\/wp\/v2\/media\/4549"}],"wp:attachment":[{"href":"https:\/\/podkarpacka.iarp.pl\/index.php?rest_route=%2Fwp%2Fv2%2Fmedia&parent=7583"}],"wp:term":[{"taxonomy":"category","embeddable":true,"href":"https:\/\/podkarpacka.iarp.pl\/index.php?rest_route=%2Fwp%2Fv2%2Fcategories&post=7583"},{"taxonomy":"post_tag","embeddable":true,"href":"https:\/\/podkarpacka.iarp.pl\/index.php?rest_route=%2Fwp%2Fv2%2Ftags&post=7583"}],"curies":[{"name":"wp","href":"https:\/\/api.w.org\/{rel}","templated":true}]}}