{"id":7592,"date":"2026-01-25T21:10:25","date_gmt":"2026-01-25T19:10:25","guid":{"rendered":"https:\/\/podkarpacka.iarp.pl\/?p=7592"},"modified":"2026-02-11T12:44:37","modified_gmt":"2026-02-11T10:44:37","slug":"renestracja-na-konferencje-samorzad-terytorialny-i-zawodowy-pola-wspolpracy","status":"publish","type":"post","link":"https:\/\/podkarpacka.iarp.pl\/?p=7592","title":{"rendered":"ZAKO\u0143CZONO REJESTRACJ\u0118 NA KONFERENCJ\u0118: Samorz\u0105d Terytorialny i Zawodowy \u2013 Pola Wsp\u00f3\u0142pracy"},"content":{"rendered":"<h3 style=\"text-align: center;\"><span style=\"color: #ff0000;\">Informujemy, \u017ce rejestracja na konferencj\u0119 zosta\u0142a zako\u0144czona. <\/span><\/h3>\n<h3 style=\"text-align: center;\"><span style=\"color: #ff0000;\">Dzi\u0119kujemy za liczne zg\u0142oszenia.<\/span><\/h3>\n<p style=\"text-align: center;\"><strong>Do zobaczenia ju\u017c za kilka dni.<\/strong><\/p>\n<hr \/>\n<p><a href=\"https:\/\/podkarpacka.iarp.pl\/wp-content\/uploads\/2026\/01\/STiZ-Agenda-A4-Wersja-2.0_01.png\"><img loading=\"lazy\" decoding=\"async\" class=\"aligncenter size-large wp-image-7684\" src=\"https:\/\/podkarpacka.iarp.pl\/wp-content\/uploads\/2026\/01\/STiZ-Agenda-A4-Wersja-2.0_01-724x1024.png\" alt=\"\" width=\"724\" height=\"1024\" srcset=\"https:\/\/podkarpacka.iarp.pl\/wp-content\/uploads\/2026\/01\/STiZ-Agenda-A4-Wersja-2.0_01-724x1024.png 724w, https:\/\/podkarpacka.iarp.pl\/wp-content\/uploads\/2026\/01\/STiZ-Agenda-A4-Wersja-2.0_01-212x300.png 212w, https:\/\/podkarpacka.iarp.pl\/wp-content\/uploads\/2026\/01\/STiZ-Agenda-A4-Wersja-2.0_01-768x1086.png 768w, https:\/\/podkarpacka.iarp.pl\/wp-content\/uploads\/2026\/01\/STiZ-Agenda-A4-Wersja-2.0_01-1086x1536.png 1086w, https:\/\/podkarpacka.iarp.pl\/wp-content\/uploads\/2026\/01\/STiZ-Agenda-A4-Wersja-2.0_01-1448x2048.png 1448w, https:\/\/podkarpacka.iarp.pl\/wp-content\/uploads\/2026\/01\/STiZ-Agenda-A4-Wersja-2.0_01.png 1684w\" sizes=\"auto, (max-width: 724px) 100vw, 724px\" \/><\/a><\/p>\n<p><a href=\"https:\/\/podkarpacka.iarp.pl\/wp-content\/uploads\/2026\/01\/STiZ-Agenda-A4-Wersja-2.0_02.png\"><img loading=\"lazy\" decoding=\"async\" class=\"aligncenter size-large wp-image-7685\" src=\"https:\/\/podkarpacka.iarp.pl\/wp-content\/uploads\/2026\/01\/STiZ-Agenda-A4-Wersja-2.0_02-724x1024.png\" alt=\"\" width=\"724\" height=\"1024\" srcset=\"https:\/\/podkarpacka.iarp.pl\/wp-content\/uploads\/2026\/01\/STiZ-Agenda-A4-Wersja-2.0_02-724x1024.png 724w, https:\/\/podkarpacka.iarp.pl\/wp-content\/uploads\/2026\/01\/STiZ-Agenda-A4-Wersja-2.0_02-212x300.png 212w, https:\/\/podkarpacka.iarp.pl\/wp-content\/uploads\/2026\/01\/STiZ-Agenda-A4-Wersja-2.0_02-768x1086.png 768w, https:\/\/podkarpacka.iarp.pl\/wp-content\/uploads\/2026\/01\/STiZ-Agenda-A4-Wersja-2.0_02-1086x1536.png 1086w, https:\/\/podkarpacka.iarp.pl\/wp-content\/uploads\/2026\/01\/STiZ-Agenda-A4-Wersja-2.0_02-1448x2048.png 1448w, https:\/\/podkarpacka.iarp.pl\/wp-content\/uploads\/2026\/01\/STiZ-Agenda-A4-Wersja-2.0_02.png 1684w\" sizes=\"auto, (max-width: 724px) 100vw, 724px\" \/><\/a><\/p>\n<p><a href=\"https:\/\/podkarpacka.iarp.pl\/wp-content\/uploads\/2026\/01\/STiZ-Agenda-A4-Wersja-2.0_03.png\"><img loading=\"lazy\" decoding=\"async\" class=\"aligncenter size-large wp-image-7686\" src=\"https:\/\/podkarpacka.iarp.pl\/wp-content\/uploads\/2026\/01\/STiZ-Agenda-A4-Wersja-2.0_03-724x1024.png\" alt=\"\" width=\"724\" height=\"1024\" srcset=\"https:\/\/podkarpacka.iarp.pl\/wp-content\/uploads\/2026\/01\/STiZ-Agenda-A4-Wersja-2.0_03-724x1024.png 724w, https:\/\/podkarpacka.iarp.pl\/wp-content\/uploads\/2026\/01\/STiZ-Agenda-A4-Wersja-2.0_03-212x300.png 212w, https:\/\/podkarpacka.iarp.pl\/wp-content\/uploads\/2026\/01\/STiZ-Agenda-A4-Wersja-2.0_03-768x1086.png 768w, https:\/\/podkarpacka.iarp.pl\/wp-content\/uploads\/2026\/01\/STiZ-Agenda-A4-Wersja-2.0_03-1086x1536.png 1086w, https:\/\/podkarpacka.iarp.pl\/wp-content\/uploads\/2026\/01\/STiZ-Agenda-A4-Wersja-2.0_03-1448x2048.png 1448w, https:\/\/podkarpacka.iarp.pl\/wp-content\/uploads\/2026\/01\/STiZ-Agenda-A4-Wersja-2.0_03.png 1684w\" sizes=\"auto, (max-width: 724px) 100vw, 724px\" \/><\/a><\/p>\n<p>&nbsp;<\/p>\n<p><a href=\"https:\/\/podkarpacka.iarp.pl\/wp-content\/uploads\/2026\/01\/STiZ-Agenda-A4-Wersja-2.0_04.png\"><img loading=\"lazy\" decoding=\"async\" class=\"aligncenter size-large wp-image-7683\" src=\"https:\/\/podkarpacka.iarp.pl\/wp-content\/uploads\/2026\/01\/STiZ-Agenda-A4-Wersja-2.0_04-724x1024.png\" alt=\"\" width=\"724\" height=\"1024\" srcset=\"https:\/\/podkarpacka.iarp.pl\/wp-content\/uploads\/2026\/01\/STiZ-Agenda-A4-Wersja-2.0_04-724x1024.png 724w, https:\/\/podkarpacka.iarp.pl\/wp-content\/uploads\/2026\/01\/STiZ-Agenda-A4-Wersja-2.0_04-212x300.png 212w, https:\/\/podkarpacka.iarp.pl\/wp-content\/uploads\/2026\/01\/STiZ-Agenda-A4-Wersja-2.0_04-768x1086.png 768w, https:\/\/podkarpacka.iarp.pl\/wp-content\/uploads\/2026\/01\/STiZ-Agenda-A4-Wersja-2.0_04-1086x1536.png 1086w, https:\/\/podkarpacka.iarp.pl\/wp-content\/uploads\/2026\/01\/STiZ-Agenda-A4-Wersja-2.0_04-1448x2048.png 1448w, https:\/\/podkarpacka.iarp.pl\/wp-content\/uploads\/2026\/01\/STiZ-Agenda-A4-Wersja-2.0_04.png 1684w\" sizes=\"auto, (max-width: 724px) 100vw, 724px\" \/><\/a><\/p>\n","protected":false},"excerpt":{"rendered":"<p>Informujemy, \u017ce rejestracja na konferencj\u0119 zosta\u0142a zako\u0144czona. Dzi\u0119kujemy za liczne zg\u0142oszenia. Do zobaczenia ju\u017c za kilka dni. &nbsp;<\/p>\n","protected":false},"author":9,"featured_media":7630,"comment_status":"closed","ping_status":"open","sticky":false,"template":"","format":"quote","meta":{"footnotes":""},"categories":[71,56,63,66,57],"tags":[],"class_list":["post-7592","post","type-post","status-publish","format-quote","has-post-thumbnail","hentry","category-slider-strona-glowna","category-informacje-rady","category-konferencje","category-polecane","category-szkolenia","post_format-post-format-quote"],"publishpress_future_action":{"enabled":false,"date":"2026-05-04 20:59:13","action":"change-status","newStatus":"draft","terms":[],"taxonomy":"category","extraData":[]},"publishpress_future_workflow_manual_trigger":{"enabledWorkflows":[]},"_links":{"self":[{"href":"https:\/\/podkarpacka.iarp.pl\/index.php?rest_route=\/wp\/v2\/posts\/7592","targetHints":{"allow":["GET"]}}],"collection":[{"href":"https:\/\/podkarpacka.iarp.pl\/index.php?rest_route=\/wp\/v2\/posts"}],"about":[{"href":"https:\/\/podkarpacka.iarp.pl\/index.php?rest_route=\/wp\/v2\/types\/post"}],"author":[{"embeddable":true,"href":"https:\/\/podkarpacka.iarp.pl\/index.php?rest_route=\/wp\/v2\/users\/9"}],"replies":[{"embeddable":true,"href":"https:\/\/podkarpacka.iarp.pl\/index.php?rest_route=%2Fwp%2Fv2%2Fcomments&post=7592"}],"version-history":[{"count":32,"href":"https:\/\/podkarpacka.iarp.pl\/index.php?rest_route=\/wp\/v2\/posts\/7592\/revisions"}],"predecessor-version":[{"id":7688,"href":"https:\/\/podkarpacka.iarp.pl\/index.php?rest_route=\/wp\/v2\/posts\/7592\/revisions\/7688"}],"wp:featuredmedia":[{"embeddable":true,"href":"https:\/\/podkarpacka.iarp.pl\/index.php?rest_route=\/wp\/v2\/media\/7630"}],"wp:attachment":[{"href":"https:\/\/podkarpacka.iarp.pl\/index.php?rest_route=%2Fwp%2Fv2%2Fmedia&parent=7592"}],"wp:term":[{"taxonomy":"category","embeddable":true,"href":"https:\/\/podkarpacka.iarp.pl\/index.php?rest_route=%2Fwp%2Fv2%2Fcategories&post=7592"},{"taxonomy":"post_tag","embeddable":true,"href":"https:\/\/podkarpacka.iarp.pl\/index.php?rest_route=%2Fwp%2Fv2%2Ftags&post=7592"}],"curies":[{"name":"wp","href":"https:\/\/api.w.org\/{rel}","templated":true}]}}