{"id":763,"date":"2015-02-23T05:17:30","date_gmt":"2015-02-23T05:17:30","guid":{"rendered":"http:\/\/podkarpacka.iarp.pl\/?p=763"},"modified":"2026-04-10T08:30:43","modified_gmt":"2026-04-10T07:30:43","slug":"czlonkowie-pkoia-rp","status":"publish","type":"post","link":"https:\/\/podkarpacka.iarp.pl\/?p=763","title":{"rendered":"PODKARPACKA OKR\u0118GOWA IZBA ARCHITEKT\u00d3W RP"},"content":{"rendered":"<p>[vc_row][vc_column][vc_column_text]<img loading=\"lazy\" decoding=\"async\" class=\" wp-image-356 alignleft\" style=\"margin-right: 40px;\" src=\"https:\/\/podkarpacka.iarp.pl\/wp-content\/uploads\/2014\/08\/logo-izba-architektow.png\" alt=\"logo izba architektow\" width=\"284\" height=\"200\" \/><\/p>\n<h2><strong>Podkarpacka Okr\u0119gowa Izba Architekt\u00f3w<\/strong><br \/>\n<strong> Rzeczypospolitej Polskiej<\/strong><\/h2>\n<p><strong>RYNEK 8 (I PI\u0118TRO), 35-064 RZESZ\u00d3W, PODKARPACKIE<br \/>\nTEL. (17) 862-28-89; (17) 852-48-81; (17) 853-93-51<br \/>\nE-MAIL:\u00a0<a href=\"mailto:podkarpacka@izbaarchitektow.pl\">PODKARPACKA@IZBAARCHITEKTOW.PL<\/a><br \/>\nHTTP:\/\/ <a href=\"http:\/\/www.podkarpacka.iarp.pl\/\">WWW.PODKARPACKA.IARP.PL<\/a><\/strong><\/p>\n<p>&nbsp;<\/p>\n<hr \/>\n<h4 style=\"text-align: justify;\">Celem dzia\u0142ania Izby Architekt\u00f3w jest wsp\u00f3\u0142dzia\u0142anie \u015brodowiska zawodowego architekt\u00f3w w ramach przyj\u0119tej struktury organizacyjnej oraz w warunkach okre\u015blonych prawem. Natomiast podstawowe zadania reguluje Ustawa z dnia 15 grudnia 2000r. o samorz\u0105dach zawodowych architekt\u00f3w, in\u017cynier\u00f3w budownictwa oraz urbanist\u00f3w. ( Dz. U. z 2023 r. poz. 551)<\/h4>\n<h4 style=\"text-align: justify;\">Izba funkcjonuje w oparciu o t\u0105 Ustaw\u0119, a tak\u017ce Statut i regulacje wewn\u0119trzne ustanawiane przez najwa\u017cniejsze organy Izby: Krajowy Zjazd oraz zjazdy okr\u0119gowe.<\/h4>\n<hr \/>\n<p>[\/vc_column_text][\/vc_column][\/vc_row][vc_row][vc_column width=&#8221;1\/2&#8243;][vc_column_text]<\/p>\n<h4><strong>Numer Konta Bankowego\u00a0PKOIA RP<\/strong><\/h4>\n<h3>20 1020 4391 0000 6202 0002 7334<\/h3>\n<h5>Powszechna Kasa Oszcz\u0119dno\u015bci \u00a0Bank Polski \u00a0SA<\/h5>\n<p>Przy dokonywaniu op\u0142at na blankietach przelew\u00f3w<br \/>\nprosimy o dopisywanie numeru cz\u0142onkowskiego<br \/>\nosoby, za kt\u00f3r\u0105 dokonywana jest wp\u0142ata: PK-&#8230;[\/vc_column_text][\/vc_column][vc_column width=&#8221;1\/2&#8243;][vc_column_text]<\/p>\n<h4><strong>Biuro Podkarpackiej\u00a0Okr\u0119gowej Izby Architekt\u00f3w<\/strong><\/h4>\n<h5>Czynne od poniedzia\u0142ku do pi\u0105tku w godz. od 9<sup>oo<\/sup> do 16<sup>oo<\/sup><\/h5>\n<h4 style=\"margin: 32px 0px 0px; text-align: left;\"><strong>Obs\u0142uga\u00a0Biura Okr\u0119gowej Izby Architekt\u00f3w<\/strong><\/h4>\n<p>&nbsp;<\/p>\n<p><strong>Ewa Inglot<\/strong><\/p>\n<p><strong>Anna Horska<\/strong><\/p>\n<p>[\/vc_column_text][\/vc_column][\/vc_row][vc_row][vc_column][vc_column_text]<\/p>\n<p>&nbsp;<\/p>\n<hr \/>\n<p><a href=\"https:\/\/podkarpacka.iarp.pl\/wp-content\/uploads\/2015\/02\/logo-izba-male.png\"><img loading=\"lazy\" decoding=\"async\" class=\"alignleft size-full wp-image-470\" src=\"https:\/\/podkarpacka.iarp.pl\/wp-content\/uploads\/2015\/02\/logo-izba-male.png\" alt=\"logo izba male\" width=\"140\" height=\"80\" \/><\/a><\/p>\n<h2 style=\"margin: 0px 220px 0px; text-align: left;\">STRUKTURA W\u0141ADZ PODKARPACKIEJ OKR\u0118GOWEJ IZBY ARCHITEKT\u00d3W RP<\/h2>\n<hr style=\"margin: 10px 0px 25px;\" \/>\n<p>[\/vc_column_text][\/vc_column][\/vc_row][vc_row][vc_column width=&#8221;1\/2&#8243;][vc_column_text]<\/p>\n<table width=\"348\">\n<tbody>\n<tr>\n<td style=\"text-align: center;\" colspan=\"2\" bgcolor=\"#f0f0f0\" width=\"348\"><strong>RADA PODKARPACKIEJ OKR\u0118GOWEJ IZBY ARCHITEKT\u00d3W RP<\/strong><\/td>\n<\/tr>\n<tr>\n<td width=\"163\"><strong>Przewodnicz\u0105ca<\/strong><\/td>\n<td width=\"185\"><strong>Iwona B\u0105k<\/strong><\/td>\n<\/tr>\n<tr>\n<td width=\"163\">Wiceprzewodnicz\u0105cy<\/td>\n<td width=\"185\">Joanna Matraszek<\/td>\n<\/tr>\n<tr>\n<td width=\"163\">Wiceprzewodnicz\u0105cy<\/td>\n<td width=\"185\">Renata \u015awi\u0119ci\u0144ska<\/td>\n<\/tr>\n<tr>\n<td width=\"163\">Sekretarz<\/td>\n<td width=\"185\">Grzegorz Ruszel<\/td>\n<\/tr>\n<tr>\n<td width=\"163\">Skarbnik<\/td>\n<td width=\"185\">Iwona Matlingiewicz<\/td>\n<\/tr>\n<tr>\n<td width=\"163\">Cz\u0142onek<\/td>\n<td width=\"185\">Andrzej Depa<\/td>\n<\/tr>\n<tr>\n<td width=\"163\">Cz\u0142onek<\/td>\n<td width=\"185\">Gertruda Pieczonka<\/td>\n<\/tr>\n<tr>\n<td width=\"163\">Cz\u0142onek<\/td>\n<td width=\"185\">Dawid Krzyszto\u0144<\/td>\n<\/tr>\n<tr>\n<td width=\"163\">Cz\u0142onek<\/td>\n<td width=\"185\">Marianna Leska<\/td>\n<\/tr>\n<\/tbody>\n<\/table>\n<table width=\"348\">\n<tbody>\n<tr>\n<td style=\"text-align: center;\" colspan=\"2\" bgcolor=\"#f0f0f0\" width=\"348\"><strong>OKR\u0118GOWA KOMISJA REWIZYJNA PODKARPACKIEJ IZBY ARCHITEKT\u00d3W RP<\/strong><\/td>\n<\/tr>\n<tr>\n<td width=\"163\"><strong>Przewodnicz\u0105cy<\/strong><\/td>\n<td width=\"185\"><strong>Agnieszka Puchyr<\/strong><\/td>\n<\/tr>\n<tr>\n<td width=\"163\">Wiceprzewodnicz\u0105cy<\/td>\n<td width=\"185\">Bartosz Gorczyca<\/td>\n<\/tr>\n<tr>\n<td width=\"163\">Sekretarz<\/td>\n<td width=\"185\">Karolina Koz\u0142owska<\/td>\n<\/tr>\n<\/tbody>\n<\/table>\n<table width=\"348\">\n<tbody>\n<tr>\n<td style=\"text-align: center;\" colspan=\"2\" bgcolor=\"#f0f0f0\" width=\"348\"><strong>OKR\u0118GOWY RZECZNIK ODPOWIEDZIALNO\u015aCI ZAWODOWEJ IZBY ARCHITEKT\u00d3W RP<\/strong><\/td>\n<\/tr>\n<tr>\n<td width=\"163\"><strong>Rzecznik<\/strong><\/td>\n<td width=\"185\"><strong>Wac\u0142aw Mat\u0142ok<\/strong><\/td>\n<\/tr>\n<tr>\n<td width=\"163\">Z-ca Rzecznika<\/td>\n<td width=\"185\">Anna W\u00f3jcik<\/td>\n<\/tr>\n<tr>\n<td width=\"163\">Z-ca Rzecznika<\/td>\n<td width=\"185\">Katarzyna Le\u015bniewska \u2013 Buka\u0142a<\/td>\n<\/tr>\n<tr>\n<td width=\"163\">Z-ca Rzecznika<\/td>\n<td width=\"185\">Piotr Orlewski<\/td>\n<\/tr>\n<\/tbody>\n<\/table>\n<p>[\/vc_column_text][\/vc_column][vc_column width=&#8221;1\/2&#8243;][vc_column_text]<\/p>\n<table width=\"348\">\n<tbody>\n<tr>\n<td style=\"text-align: center;\" colspan=\"2\" bgcolor=\"#f0f0f0\" width=\"348\"><strong>OKR\u0118GOWY S\u0104D DYSCYPLINARNY PODKARPACKIEJ IZBY ARCHITEKT\u00d3W RP<\/strong><\/td>\n<\/tr>\n<tr>\n<td width=\"163\"><strong>Przewodnicz\u0105cy<\/strong><\/td>\n<td width=\"185\"><strong>Tomasz Koz\u0142owski<\/strong><\/td>\n<\/tr>\n<tr>\n<td width=\"163\">Wiceprzewodnicz\u0105ca<\/td>\n<td width=\"185\">Piotr Rze\u017awicki<\/td>\n<\/tr>\n<tr>\n<td width=\"163\">Sekretarz<\/td>\n<td width=\"185\">Marcin Ku\u017aniar<\/td>\n<\/tr>\n<tr>\n<td width=\"163\">Cz\u0142onek<\/td>\n<td width=\"185\">Micha\u0142 Micek<\/td>\n<\/tr>\n<tr>\n<td width=\"163\">Cz\u0142onek<\/td>\n<td width=\"185\">Dorota Bober<\/td>\n<\/tr>\n<tr>\n<td width=\"163\">Cz\u0142onek<\/td>\n<td width=\"185\">Anna Homik-Stafiej<\/td>\n<\/tr>\n<tr>\n<td width=\"163\">Cz\u0142onek<\/td>\n<td width=\"185\">Alan Trzeciak<\/td>\n<\/tr>\n<tr>\n<td width=\"163\">Cz\u0142onek<\/td>\n<td width=\"185\">Janusz Kosiorowski<\/td>\n<\/tr>\n<tr>\n<td width=\"163\">Cz\u0142onek<\/td>\n<td width=\"185\">Robert Szular<\/td>\n<\/tr>\n<\/tbody>\n<\/table>\n<table width=\"348\">\n<tbody>\n<tr>\n<td style=\"text-align: center;\" colspan=\"2\" bgcolor=\"#f0f0f0\" width=\"348\"><strong>OKR\u0118GOWA KOMISJA KWALIFIKACYJNA PODKARPACKIEJ IZBY ARCHITEKT\u00d3W RP<\/strong><\/td>\n<\/tr>\n<tr>\n<td width=\"163\"><strong>Przewodnicz\u0105cy<\/strong><\/td>\n<td width=\"185\"><strong>Pawe\u0142 Delikat<\/strong><\/td>\n<\/tr>\n<tr>\n<td width=\"163\">Wiceprzewodnicz\u0105cy<\/td>\n<td width=\"185\">Marek Lasko\u015b<\/td>\n<\/tr>\n<tr>\n<td width=\"163\">Wiceprzewodnicz\u0105cy<\/td>\n<td width=\"185\">W\u0142adys\u0142aw Boczkaj<\/td>\n<\/tr>\n<tr>\n<td width=\"163\">Sekretarz<\/td>\n<td width=\"185\">Ewa Kopyci\u0144ska<\/td>\n<\/tr>\n<tr>\n<td width=\"163\">Cz\u0142onek<\/td>\n<td width=\"185\">Stanis\u0142aw Ha\u0142abuz<\/td>\n<\/tr>\n<tr>\n<td width=\"163\">Cz\u0142onek<\/td>\n<td width=\"185\">Grzegorz S\u0142api\u0144ski<\/td>\n<\/tr>\n<tr>\n<td width=\"163\">Cz\u0142onek<\/td>\n<td width=\"185\">Jan Bulsza<\/td>\n<\/tr>\n<tr>\n<td width=\"163\">Cz\u0142onek<\/td>\n<td width=\"185\">S\u0142awomir Leja<\/td>\n<\/tr>\n<tr>\n<td width=\"163\">Cz\u0142onek<\/td>\n<td width=\"185\">Micha\u0142 Matraszek<\/td>\n<\/tr>\n<\/tbody>\n<\/table>\n<h5 style=\"text-align: justify;\">Celem dzia\u0142ania Izby Architekt\u00f3w jest wsp\u00f3\u0142dzia\u0142anie \u015brodowiska zawodowego architekt\u00f3w w ramach przyj\u0119tej struktury organizacyjnej oraz w warunkach okre\u015blonych prawem. Natomiast podstawowe zadania reguluje Ustawa z dnia 15 grudnia 2000 r. o samorz\u0105dach zawodowych architekt\u00f3w, in\u017cynier\u00f3w budownictwa oraz urbanist\u00f3w.<\/h5>\n<p>[\/vc_column_text][\/vc_column][\/vc_row]<\/p>\n","protected":false},"excerpt":{"rendered":"<p>[vc_row][vc_column][vc_column_text] Podkarpacka Okr\u0119gowa Izba Architekt\u00f3w Rzeczypospolitej Polskiej RYNEK 8 (I PI\u0118TRO), 35-064 RZESZ\u00d3W, PODKARPACKIE TEL. (17) 862-28-89; (17) 852-48-81; (17) 853-93-51 E-MAIL:\u00a0PODKARPACKA@IZBAARCHITEKTOW.PL HTTP:\/\/ WWW.PODKARPACKA.IARP.PL &nbsp; Celem dzia\u0142ania Izby Architekt\u00f3w jest wsp\u00f3\u0142dzia\u0142anie \u015brodowiska zawodowego architekt\u00f3w w ramach przyj\u0119tej struktury organizacyjnej oraz w warunkach okre\u015blonych prawem. Natomiast podstawowe zadania reguluje Ustawa z dnia 15 grudnia 2000r. o [&hellip;]<\/p>\n","protected":false},"author":7,"featured_media":1146,"comment_status":"closed","ping_status":"open","sticky":true,"template":"","format":"standard","meta":{"footnotes":""},"categories":[71],"tags":[],"class_list":["post-763","post","type-post","status-publish","format-standard","has-post-thumbnail","hentry","category-slider-strona-glowna"],"publishpress_future_action":{"enabled":false,"date":"2026-05-04 19:35:05","action":"change-status","newStatus":"draft","terms":[],"taxonomy":"category","extraData":[]},"publishpress_future_workflow_manual_trigger":{"enabledWorkflows":[]},"_links":{"self":[{"href":"https:\/\/podkarpacka.iarp.pl\/index.php?rest_route=\/wp\/v2\/posts\/763","targetHints":{"allow":["GET"]}}],"collection":[{"href":"https:\/\/podkarpacka.iarp.pl\/index.php?rest_route=\/wp\/v2\/posts"}],"about":[{"href":"https:\/\/podkarpacka.iarp.pl\/index.php?rest_route=\/wp\/v2\/types\/post"}],"author":[{"embeddable":true,"href":"https:\/\/podkarpacka.iarp.pl\/index.php?rest_route=\/wp\/v2\/users\/7"}],"replies":[{"embeddable":true,"href":"https:\/\/podkarpacka.iarp.pl\/index.php?rest_route=%2Fwp%2Fv2%2Fcomments&post=763"}],"version-history":[{"count":34,"href":"https:\/\/podkarpacka.iarp.pl\/index.php?rest_route=\/wp\/v2\/posts\/763\/revisions"}],"predecessor-version":[{"id":8203,"href":"https:\/\/podkarpacka.iarp.pl\/index.php?rest_route=\/wp\/v2\/posts\/763\/revisions\/8203"}],"wp:featuredmedia":[{"embeddable":true,"href":"https:\/\/podkarpacka.iarp.pl\/index.php?rest_route=\/wp\/v2\/media\/1146"}],"wp:attachment":[{"href":"https:\/\/podkarpacka.iarp.pl\/index.php?rest_route=%2Fwp%2Fv2%2Fmedia&parent=763"}],"wp:term":[{"taxonomy":"category","embeddable":true,"href":"https:\/\/podkarpacka.iarp.pl\/index.php?rest_route=%2Fwp%2Fv2%2Fcategories&post=763"},{"taxonomy":"post_tag","embeddable":true,"href":"https:\/\/podkarpacka.iarp.pl\/index.php?rest_route=%2Fwp%2Fv2%2Ftags&post=763"}],"curies":[{"name":"wp","href":"https:\/\/api.w.org\/{rel}","templated":true}]}}