{"id":8135,"date":"2026-03-18T20:42:53","date_gmt":"2026-03-18T18:42:53","guid":{"rendered":"https:\/\/podkarpacka.iarp.pl\/?p=8135"},"modified":"2026-03-18T20:42:53","modified_gmt":"2026-03-18T18:42:53","slug":"zaproszenie-na-szkolenie-nasza-izba-struktury-i-funkcjonowanie-iarp","status":"publish","type":"post","link":"https:\/\/podkarpacka.iarp.pl\/?p=8135","title":{"rendered":"Zaproszenie na szkolenie: \u201eNasza Izba\u201d \u2013 struktury i funkcjonowanie IARP"},"content":{"rendered":"<div>\n<p>Szkolenie skierowane jest do wszystkich cz\u0142onk\u00f3w PKOIA RP, ze szczeg\u00f3lnym uwzgl\u0119dnieniem delegat\u00f3w na Zjazd Okr\u0119gowy kadencji 2026-2030, cz\u0142onk\u00f3w organ\u00f3w oraz os\u00f3b aspiruj\u0105cych do pe\u0142nienia funkcji w strukturach Izby.<\/p>\n<p>Program szkolenia obejmuje om\u00f3wienie bie\u017c\u0105cych wyzwa\u0144 oraz mechanizm\u00f3w prawno-organizacyjnych naszej jednostki. Dyskusj\u0119 moderowa\u0142 b\u0119dzie arch. Maciej Trybus, a do\u015bwiadczeniem podziel\u0105 si\u0119 przedstawiciele organ\u00f3w PKOIA RP:<\/p>\n<p>\u2022 arch. Renata \u015awi\u0119ci\u0144ska, arch. Stefan Stempin, arch. Marek Lasko\u015b, arch. Pawe\u0142 Delikat, arch. Tomasz Koz\u0142owski, arch. Piotr Rze\u017awicki, arch. Wac\u0142aw Mat\u0142ok, arch. Anna W\u00f3jcik, arch. Andrzej Depa.<\/p>\n<p>\u2022 Wsparcia merytorycznego w zakresie prawnym udzieli\u00a0<a href=\"http:\/\/r.pr\/\" target=\"_blank\" rel=\"noopener\" data-saferedirecturl=\"https:\/\/www.google.com\/url?q=http:\/\/r.pr&amp;source=gmail&amp;ust=1773860044408000&amp;usg=AOvVaw1eADs-mr5a9Eu6Zgy6uFRb\">r.pr<\/a>. Kamila Zawada-Sikora.<\/p>\n<p>Informacje organizacyjne:<\/p>\n<p>\u2022 Data: 20 marca 2026 r.<\/p>\n<p>\u2022 Godzina: 14:45<\/p>\n<p>\u2022 Miejsce: Siedziba PKOIA RP, Rynek 8, Rzesz\u00f3w.<\/p>\n<p>Formy uczestnictwa i rejestracja:<\/p>\n<p>1. Stacjonarnie: Wymagana rejestracja poprzez formularz online:<\/p>\n<div dir=\"auto\"><a href=\"https:\/\/szkolenia.iarp.pl\/szkolenie\/1695\" target=\"_blank\" rel=\"noopener\" data-saferedirecturl=\"https:\/\/www.google.com\/url?q=https:\/\/szkolenia.iarp.pl\/szkolenie\/1695&amp;source=gmail&amp;ust=1773860044408000&amp;usg=AOvVaw1axcjz6VHDq0E9_T0GqKdi\">https:\/\/szkolenia.iarp.pl\/<wbr \/>szkolenie\/1695<\/a><\/div>\n<p>&nbsp;<\/p>\n<p>2. Online (Platforma Zoom): Ch\u0119\u0107 udzia\u0142u zdalnego nale\u017cy zg\u0142osi\u0107 mailowo na adres:\u00a0<a href=\"mailto:podkarpacka@izbaarchitektow.pl\" target=\"_blank\" rel=\"noopener\"><span class=\"il\">podkarpacka@izbaarchitektow.pl<\/span><\/a>\u00a0w terminie do 19 marca. Linki do transmisji zostan\u0105 przes\u0142ane zapisanym osobom w dniu szkolenia.<\/p>\n<p>Zach\u0119camy do aktywnego udzia\u0142u w budowaniu profesjonalnego samorz\u0105du architekt\u00f3w na Podkarpaciu.<\/p>\n<p><a href=\"https:\/\/podkarpacka.iarp.pl\/wp-content\/uploads\/2026\/03\/IMG-20260316-WA0004.jpg\"><img loading=\"lazy\" decoding=\"async\" class=\"aligncenter size-large wp-image-8136\" src=\"https:\/\/podkarpacka.iarp.pl\/wp-content\/uploads\/2026\/03\/IMG-20260316-WA0004-819x1024.jpg\" alt=\"\" width=\"770\" height=\"963\" srcset=\"https:\/\/podkarpacka.iarp.pl\/wp-content\/uploads\/2026\/03\/IMG-20260316-WA0004-819x1024.jpg 819w, https:\/\/podkarpacka.iarp.pl\/wp-content\/uploads\/2026\/03\/IMG-20260316-WA0004-240x300.jpg 240w, https:\/\/podkarpacka.iarp.pl\/wp-content\/uploads\/2026\/03\/IMG-20260316-WA0004-768x960.jpg 768w, https:\/\/podkarpacka.iarp.pl\/wp-content\/uploads\/2026\/03\/IMG-20260316-WA0004-600x750.jpg 600w, https:\/\/podkarpacka.iarp.pl\/wp-content\/uploads\/2026\/03\/IMG-20260316-WA0004.jpg 1024w\" sizes=\"auto, (max-width: 770px) 100vw, 770px\" \/><\/a><\/p>\n<\/div>\n","protected":false},"excerpt":{"rendered":"<p>Szkolenie skierowane jest do wszystkich cz\u0142onk\u00f3w PKOIA RP, ze szczeg\u00f3lnym uwzgl\u0119dnieniem delegat\u00f3w na Zjazd Okr\u0119gowy kadencji 2026-2030, cz\u0142onk\u00f3w organ\u00f3w oraz os\u00f3b aspiruj\u0105cych do pe\u0142nienia funkcji w strukturach Izby. Program szkolenia obejmuje om\u00f3wienie bie\u017c\u0105cych wyzwa\u0144 oraz mechanizm\u00f3w prawno-organizacyjnych naszej jednostki. Dyskusj\u0119 moderowa\u0142 b\u0119dzie arch. Maciej Trybus, a do\u015bwiadczeniem podziel\u0105 si\u0119 przedstawiciele organ\u00f3w PKOIA RP: \u2022 arch. [&hellip;]<\/p>\n","protected":false},"author":6,"featured_media":8136,"comment_status":"closed","ping_status":"open","sticky":false,"template":"","format":"standard","meta":{"footnotes":""},"categories":[57],"tags":[],"class_list":["post-8135","post","type-post","status-publish","format-standard","has-post-thumbnail","hentry","category-szkolenia"],"publishpress_future_action":{"enabled":false,"date":"2026-05-10 17:18:32","action":"change-status","newStatus":"draft","terms":[],"taxonomy":"category","extraData":[]},"publishpress_future_workflow_manual_trigger":{"enabledWorkflows":[]},"_links":{"self":[{"href":"https:\/\/podkarpacka.iarp.pl\/index.php?rest_route=\/wp\/v2\/posts\/8135","targetHints":{"allow":["GET"]}}],"collection":[{"href":"https:\/\/podkarpacka.iarp.pl\/index.php?rest_route=\/wp\/v2\/posts"}],"about":[{"href":"https:\/\/podkarpacka.iarp.pl\/index.php?rest_route=\/wp\/v2\/types\/post"}],"author":[{"embeddable":true,"href":"https:\/\/podkarpacka.iarp.pl\/index.php?rest_route=\/wp\/v2\/users\/6"}],"replies":[{"embeddable":true,"href":"https:\/\/podkarpacka.iarp.pl\/index.php?rest_route=%2Fwp%2Fv2%2Fcomments&post=8135"}],"version-history":[{"count":1,"href":"https:\/\/podkarpacka.iarp.pl\/index.php?rest_route=\/wp\/v2\/posts\/8135\/revisions"}],"predecessor-version":[{"id":8137,"href":"https:\/\/podkarpacka.iarp.pl\/index.php?rest_route=\/wp\/v2\/posts\/8135\/revisions\/8137"}],"wp:featuredmedia":[{"embeddable":true,"href":"https:\/\/podkarpacka.iarp.pl\/index.php?rest_route=\/wp\/v2\/media\/8136"}],"wp:attachment":[{"href":"https:\/\/podkarpacka.iarp.pl\/index.php?rest_route=%2Fwp%2Fv2%2Fmedia&parent=8135"}],"wp:term":[{"taxonomy":"category","embeddable":true,"href":"https:\/\/podkarpacka.iarp.pl\/index.php?rest_route=%2Fwp%2Fv2%2Fcategories&post=8135"},{"taxonomy":"post_tag","embeddable":true,"href":"https:\/\/podkarpacka.iarp.pl\/index.php?rest_route=%2Fwp%2Fv2%2Ftags&post=8135"}],"curies":[{"name":"wp","href":"https:\/\/api.w.org\/{rel}","templated":true}]}}