{"id":819,"date":"2015-01-20T10:13:56","date_gmt":"2015-01-20T08:13:56","guid":{"rendered":"http:\/\/podkarpacka.iarp.pl\/?p=819"},"modified":"2016-02-02T02:47:13","modified_gmt":"2016-02-02T00:47:13","slug":"archinarty-2015-beskidy","status":"publish","type":"post","link":"https:\/\/podkarpacka.iarp.pl\/?p=819","title":{"rendered":"ARCHINARTY 2015 &#8211; BESKIDY"},"content":{"rendered":"<p>Jak co roku mamy zaszczyt zaprosi\u0107 Koleg\u00f3w i Kole\u017canki do uczestnictwa w tradycyjnych ju\u017c zawodach narciarskich tym razem w przepi\u0119kne BESKIDY na stoki g\u00f3ry PILSKO.<\/p>\n<p><strong>ZAPRASZAMY DO ZAPIS\u00d3W<\/strong><\/p>\n<hr \/>\n<h4><strong>Przypominamy o up\u0142ywaj\u0105cym 16.01.2014\u00a0\u00a0terminie zg\u0142osze\u0144 i wp\u0142at na ArchBeskidy 2015<\/strong><\/h4>\n<p>ze wzgl\u0119d\u00f3w organizacyjnych, prosimy o potwierdzenie ch\u0119ci wzi\u0119cia udzia\u0142u w imprezie i dokonaniu wp\u0142at.<\/p>\n<p><strong>Prosimy o odpowiedz na kilka pyta\u0144<\/strong><\/p>\n<ol>\n<li>Kto by\u0142by zainteresowany wyjazdem autokarem z Rzeszowa ?<\/li>\n<li>Kto na pewno nie b\u0119dzie je\u017adzi\u0142 na nartach (wa\u017cne ze wzgl\u0119du na ilo\u015b\u0107 kupowanych karnet\u00f3w)<\/li>\n<li><span class=\"text_exposed_show\">Kto mia\u0142by ochot\u0119 zosta\u0107 w hotelu D\u0119bina do niedzieli (koszt 90 z\u0142 \/os. Normalna cena 130 z\u0142)<\/span><\/li>\n<li><span class=\"text_exposed_show\">Kto b\u0119dzie chcia\u0142 zje\u015b\u0107 obiad w hotelu D\u0119bina w sobot\u0119 (koszt 25 z\u0142\/os)<\/span><\/li>\n<\/ol>\n<div class=\"text_exposed_show\">\n<p><strong>Ze wzgl\u0119d\u00f3w organizacyjnych prosimy o odpowiedz na pytanie 1 i 2 do dnia 30 stycznia.<\/strong><\/p>\n<h5 style=\"padding-left: 30px;\"><strong>Brak odpowiedzi b\u0119dzie traktowany<\/strong><br \/>\n1. Nie (nie jestem zainteresowany!)<br \/>\n2. Tak (je\u017cd\u017c\u0119!)<\/h5>\n<p><strong>O odpowiedzi na pytania: 3 i 4 prosimy do dnia 6 lutego.<\/strong><\/p>\n<p>Odpowied\u017ai na pytania prosimy kierowa\u0107 na adres:<\/p>\n<ul>\n<li style=\"text-align: justify;\">rzeszow@sarp.org.pl;<\/li>\n<li style=\"text-align: justify;\">biuro@archigroupstudio.pl<\/li>\n<li style=\"text-align: justify;\">biuro@arcont.pl<\/li>\n<\/ul>\n<p><strong>Dzi\u0119kujemy\u00a0serdecznie.<\/strong><\/p>\n<div class=\"lead\">\n<hr \/>\n<p>&nbsp;<\/p>\n<\/div>\n<\/div>\n<p><a href=\"https:\/\/podkarpacka.iarp.pl\/wp-content\/uploads\/2015\/02\/archinarty.jpg\"><img loading=\"lazy\" decoding=\"async\" class=\"alignleft wp-image-820 size-full\" src=\"https:\/\/podkarpacka.iarp.pl\/wp-content\/uploads\/2015\/02\/archinarty.jpg\" alt=\"archinarty\" width=\"1500\" height=\"2500\" \/><\/a><\/p>\n","protected":false},"excerpt":{"rendered":"<p>Jak co roku mamy zaszczyt zaprosi\u0107 Koleg\u00f3w i Kole\u017canki do uczestnictwa w tradycyjnych ju\u017c zawodach narciarskich tym razem w przepi\u0119kne BESKIDY na stoki g\u00f3ry PILSKO. ZAPRASZAMY DO ZAPIS\u00d3W Przypominamy o up\u0142ywaj\u0105cym 16.01.2014\u00a0\u00a0terminie zg\u0142osze\u0144 i wp\u0142at na ArchBeskidy 2015 ze wzgl\u0119d\u00f3w organizacyjnych, prosimy o potwierdzenie ch\u0119ci wzi\u0119cia udzia\u0142u w imprezie i dokonaniu wp\u0142at. Prosimy o odpowiedz [&hellip;]<\/p>\n","protected":false},"author":7,"featured_media":822,"comment_status":"closed","ping_status":"open","sticky":false,"template":"","format":"gallery","meta":{"footnotes":""},"categories":[55],"tags":[],"class_list":["post-819","post","type-post","status-publish","format-gallery","has-post-thumbnail","hentry","category-wydarzenia","post_format-post-format-gallery"],"publishpress_future_action":{"enabled":false,"date":"2026-05-05 00:39:03","action":"change-status","newStatus":"draft","terms":[],"taxonomy":"category","extraData":[]},"publishpress_future_workflow_manual_trigger":{"enabledWorkflows":[]},"_links":{"self":[{"href":"https:\/\/podkarpacka.iarp.pl\/index.php?rest_route=\/wp\/v2\/posts\/819","targetHints":{"allow":["GET"]}}],"collection":[{"href":"https:\/\/podkarpacka.iarp.pl\/index.php?rest_route=\/wp\/v2\/posts"}],"about":[{"href":"https:\/\/podkarpacka.iarp.pl\/index.php?rest_route=\/wp\/v2\/types\/post"}],"author":[{"embeddable":true,"href":"https:\/\/podkarpacka.iarp.pl\/index.php?rest_route=\/wp\/v2\/users\/7"}],"replies":[{"embeddable":true,"href":"https:\/\/podkarpacka.iarp.pl\/index.php?rest_route=%2Fwp%2Fv2%2Fcomments&post=819"}],"version-history":[{"count":14,"href":"https:\/\/podkarpacka.iarp.pl\/index.php?rest_route=\/wp\/v2\/posts\/819\/revisions"}],"predecessor-version":[{"id":1347,"href":"https:\/\/podkarpacka.iarp.pl\/index.php?rest_route=\/wp\/v2\/posts\/819\/revisions\/1347"}],"wp:featuredmedia":[{"embeddable":true,"href":"https:\/\/podkarpacka.iarp.pl\/index.php?rest_route=\/wp\/v2\/media\/822"}],"wp:attachment":[{"href":"https:\/\/podkarpacka.iarp.pl\/index.php?rest_route=%2Fwp%2Fv2%2Fmedia&parent=819"}],"wp:term":[{"taxonomy":"category","embeddable":true,"href":"https:\/\/podkarpacka.iarp.pl\/index.php?rest_route=%2Fwp%2Fv2%2Fcategories&post=819"},{"taxonomy":"post_tag","embeddable":true,"href":"https:\/\/podkarpacka.iarp.pl\/index.php?rest_route=%2Fwp%2Fv2%2Ftags&post=819"}],"curies":[{"name":"wp","href":"https:\/\/api.w.org\/{rel}","templated":true}]}}