{"id":831,"date":"2015-01-10T10:24:01","date_gmt":"2015-01-10T10:24:01","guid":{"rendered":"http:\/\/podkarpacka.iarp.pl\/?p=831"},"modified":"2015-10-04T22:20:14","modified_gmt":"2015-10-04T20:20:14","slug":"wystawa-prac-sp-wladyslawa-henniga","status":"publish","type":"post","link":"https:\/\/podkarpacka.iarp.pl\/?p=831","title":{"rendered":"WYSTAWA PRAC \u015aP. W\u0141ADYS\u0141AWA HENNIGA"},"content":{"rendered":"<p style=\"text-align: justify;\"><strong>Zapraszamy na msz\u0119 \u015aw. za kol. W\u0142adys\u0142awa Henniga, kt\u00f3ra odb\u0119dzie si\u0119\u00a0<span style=\"line-height: 1.5;\">w ko\u015bciele pod wezwaniem \u015awi\u0119tego Krzy\u017ca w Rzeszowie, przy ul. 3-go Maja\u00a0<\/span>w dniu Rzesz\u00f3w 13 stycznia godz. 7.30<\/strong><\/p>\n<p style=\"text-align: justify;\">Przypominamy tak\u017ce o noworocznym spotkaniu architekt\u00f3w podczas kt\u00f3rego odb\u0119dzie si\u0119 <strong>wystawa prac \u015ap.W\u0142adys\u0142awa Henniga<\/strong><\/p>\n<ul>\n<li style=\"text-align: justify;\">Dnia:\u00a013 stycznia godz. 16.00,<\/li>\n<li style=\"text-align: justify;\">Miejsce: Rzesz\u00f3w, Rynek 8, Siedziba PKOIA RP<\/li>\n<\/ul>\n","protected":false},"excerpt":{"rendered":"<p>Zapraszamy na msz\u0119 \u015aw. za kol. W\u0142adys\u0142awa Henniga, kt\u00f3ra odb\u0119dzie si\u0119\u00a0w ko\u015bciele pod wezwaniem \u015awi\u0119tego Krzy\u017ca w Rzeszowie, przy ul. 3-go Maja\u00a0w dniu Rzesz\u00f3w 13 stycznia godz. 7.30 Przypominamy tak\u017ce o noworocznym spotkaniu architekt\u00f3w podczas kt\u00f3rego odb\u0119dzie si\u0119 wystawa prac \u015ap.W\u0142adys\u0142awa Henniga Dnia:\u00a013 stycznia godz. 16.00, Miejsce: Rzesz\u00f3w, Rynek 8, Siedziba PKOIA RP<\/p>\n","protected":false},"author":7,"featured_media":839,"comment_status":"closed","ping_status":"open","sticky":false,"template":"","format":"standard","meta":{"footnotes":""},"categories":[61],"tags":[],"class_list":["post-831","post","type-post","status-publish","format-standard","has-post-thumbnail","hentry","category-wystawy"],"publishpress_future_action":{"enabled":false,"date":"2026-05-05 00:37:39","action":"change-status","newStatus":"draft","terms":[],"taxonomy":"category","extraData":[]},"publishpress_future_workflow_manual_trigger":{"enabledWorkflows":[]},"_links":{"self":[{"href":"https:\/\/podkarpacka.iarp.pl\/index.php?rest_route=\/wp\/v2\/posts\/831","targetHints":{"allow":["GET"]}}],"collection":[{"href":"https:\/\/podkarpacka.iarp.pl\/index.php?rest_route=\/wp\/v2\/posts"}],"about":[{"href":"https:\/\/podkarpacka.iarp.pl\/index.php?rest_route=\/wp\/v2\/types\/post"}],"author":[{"embeddable":true,"href":"https:\/\/podkarpacka.iarp.pl\/index.php?rest_route=\/wp\/v2\/users\/7"}],"replies":[{"embeddable":true,"href":"https:\/\/podkarpacka.iarp.pl\/index.php?rest_route=%2Fwp%2Fv2%2Fcomments&post=831"}],"version-history":[{"count":7,"href":"https:\/\/podkarpacka.iarp.pl\/index.php?rest_route=\/wp\/v2\/posts\/831\/revisions"}],"predecessor-version":[{"id":838,"href":"https:\/\/podkarpacka.iarp.pl\/index.php?rest_route=\/wp\/v2\/posts\/831\/revisions\/838"}],"wp:featuredmedia":[{"embeddable":true,"href":"https:\/\/podkarpacka.iarp.pl\/index.php?rest_route=\/wp\/v2\/media\/839"}],"wp:attachment":[{"href":"https:\/\/podkarpacka.iarp.pl\/index.php?rest_route=%2Fwp%2Fv2%2Fmedia&parent=831"}],"wp:term":[{"taxonomy":"category","embeddable":true,"href":"https:\/\/podkarpacka.iarp.pl\/index.php?rest_route=%2Fwp%2Fv2%2Fcategories&post=831"},{"taxonomy":"post_tag","embeddable":true,"href":"https:\/\/podkarpacka.iarp.pl\/index.php?rest_route=%2Fwp%2Fv2%2Ftags&post=831"}],"curies":[{"name":"wp","href":"https:\/\/api.w.org\/{rel}","templated":true}]}}