{"id":848,"date":"2014-05-10T13:47:21","date_gmt":"2014-05-10T11:47:21","guid":{"rendered":"http:\/\/podkarpacka.iarp.pl\/?p=848"},"modified":"2015-10-10T02:41:28","modified_gmt":"2015-10-10T00:41:28","slug":"swiatlo-architektura-warsztaty","status":"publish","type":"post","link":"https:\/\/podkarpacka.iarp.pl\/?p=848","title":{"rendered":"[27.05.2014] \u015aWIAT\u0141O &#038; ARCHITEKTURA &#8211; WARSZTATY"},"content":{"rendered":"<h2 style=\"text-align: justify;\"><strong> \u015bwiat\u0142o &amp; architektura<\/strong><\/h2>\n<h3 style=\"text-align: justify;\">27.05.2014 (wtorek), g. 18.00<br \/>\nSARP O. Rzesz\u00f3w, Rynek 8<\/h3>\n<hr \/>\n<p style=\"text-align: justify;\">\n<strong>PLAN WARSZTAT\u00d3W<\/strong><br \/>\n18.00 -Przywitanie, prezentacja Firmy TRILUX,<br \/>\n18.30 &#8211; Wyk\u0142ad: \u201eILUMINACJA OBIEKT\u00d3W W SKALI MIKRO I MAKRO\u201d \u2013 dr in\u017c. Henryk Wachta<br \/>\nok. 19.00 &#8211; Przerwa kawowa, 19.40 &#8211; Podzia\u0142 na grupy, 20.00 &#8211; Warsztaty w grupach,<br \/>\n23.00 &#8211; Podsumowanie warsztat\u00f3w, 23.20 &#8211; Zako\u0144czenie<br \/>\n<strong>RSL<\/strong><br \/>\n\u2013 Wyk\u0142ad \u201eROZWI\u0104ZANIA BEZ GRANIC\u201d- Uwe Grotte &#8211; Dyrektor Zarz\u0105dzaj\u0105cy w RSL Lichttechnik GmbH&amp;Co.<br \/>\nProdukty dostosowane do preferencji architekt\u00f3w. Indywidualne o\u015bwietlenie ka\u017cdego obiektu specjalnymi<br \/>\noprawami stworzonymi przy wsp\u00f3\u0142pracy z architektem.<br \/>\n&#8211; Warsztaty<br \/>\n<strong>Oktalite<\/strong><br \/>\n&#8211; Prezentacja firmy Oktalite oraz jej produkt\u00f3w,<br \/>\n&#8211; Warsztaty, a w nich pokaz o\u015bwietlenia produkt\u00f3w sklepowych:<br \/>\nOdzie\u017c \u2013 wp\u0142yw zmiany barwy od ciep\u0142ej do zimnej na postrzeganie produkt\u00f3w na p\u00f3\u0142kach,<br \/>\nProdukty spo\u017cywcze \u2013 barwy dedykowane do poszczeg\u00f3lnych stref produkt\u00f3w \u015bwie\u017cych w supermarketach,<br \/>\nWp\u0142yw r\u00f3\u017cnych k\u0105t\u00f3w \u015bwiecenia na spos\u00f3b budowania nastroju.<br \/>\n<strong>Iluminacja<\/strong><br \/>\n\u2013 pr\u00f3by na dw\u00f3ch obiektach: do wyboru (Dom Polonii, SARP)<br \/>\nUdzia\u0142 w warsztatach jest bezp\u0142atny. Zg\u0142oszenia do dnia 28 .04.2014. w siedzibie SARP Rzesz\u00f3w, Rynek 8 lub<br \/>\nmail rzeszow@sarp.org.pl z podaniem: nazwiska, e-maila i numeru telefonu.<\/p>\n","protected":false},"excerpt":{"rendered":"<p>\u015bwiat\u0142o &amp; architektura 27.05.2014 (wtorek), g. 18.00 SARP O. Rzesz\u00f3w, Rynek 8 PLAN WARSZTAT\u00d3W 18.00 -Przywitanie, prezentacja Firmy TRILUX, 18.30 &#8211; Wyk\u0142ad: \u201eILUMINACJA OBIEKT\u00d3W W SKALI MIKRO I MAKRO\u201d \u2013 dr in\u017c. Henryk Wachta ok. 19.00 &#8211; Przerwa kawowa, 19.40 &#8211; Podzia\u0142 na grupy, 20.00 &#8211; Warsztaty w grupach, 23.00 &#8211; Podsumowanie warsztat\u00f3w, 23.20 &#8211; [&hellip;]<\/p>\n","protected":false},"author":7,"featured_media":853,"comment_status":"closed","ping_status":"open","sticky":false,"template":"","format":"standard","meta":{"footnotes":""},"categories":[66,57,59],"tags":[],"class_list":["post-848","post","type-post","status-publish","format-standard","has-post-thumbnail","hentry","category-polecane","category-szkolenia","category-szkolenia-komercyjne"],"publishpress_future_action":{"enabled":false,"date":"2026-05-04 22:47:36","action":"change-status","newStatus":"draft","terms":[],"taxonomy":"category","extraData":[]},"publishpress_future_workflow_manual_trigger":{"enabledWorkflows":[]},"_links":{"self":[{"href":"https:\/\/podkarpacka.iarp.pl\/index.php?rest_route=\/wp\/v2\/posts\/848","targetHints":{"allow":["GET"]}}],"collection":[{"href":"https:\/\/podkarpacka.iarp.pl\/index.php?rest_route=\/wp\/v2\/posts"}],"about":[{"href":"https:\/\/podkarpacka.iarp.pl\/index.php?rest_route=\/wp\/v2\/types\/post"}],"author":[{"embeddable":true,"href":"https:\/\/podkarpacka.iarp.pl\/index.php?rest_route=\/wp\/v2\/users\/7"}],"replies":[{"embeddable":true,"href":"https:\/\/podkarpacka.iarp.pl\/index.php?rest_route=%2Fwp%2Fv2%2Fcomments&post=848"}],"version-history":[{"count":6,"href":"https:\/\/podkarpacka.iarp.pl\/index.php?rest_route=\/wp\/v2\/posts\/848\/revisions"}],"predecessor-version":[{"id":1096,"href":"https:\/\/podkarpacka.iarp.pl\/index.php?rest_route=\/wp\/v2\/posts\/848\/revisions\/1096"}],"wp:featuredmedia":[{"embeddable":true,"href":"https:\/\/podkarpacka.iarp.pl\/index.php?rest_route=\/wp\/v2\/media\/853"}],"wp:attachment":[{"href":"https:\/\/podkarpacka.iarp.pl\/index.php?rest_route=%2Fwp%2Fv2%2Fmedia&parent=848"}],"wp:term":[{"taxonomy":"category","embeddable":true,"href":"https:\/\/podkarpacka.iarp.pl\/index.php?rest_route=%2Fwp%2Fv2%2Fcategories&post=848"},{"taxonomy":"post_tag","embeddable":true,"href":"https:\/\/podkarpacka.iarp.pl\/index.php?rest_route=%2Fwp%2Fv2%2Ftags&post=848"}],"curies":[{"name":"wp","href":"https:\/\/api.w.org\/{rel}","templated":true}]}}